{"id":62915,"date":"2021-06-28T15:48:04","date_gmt":"2021-06-28T13:48:04","guid":{"rendered":"https:\/\/www.musictory.it\/news\/?p=62915"},"modified":"2021-06-28T15:48:05","modified_gmt":"2021-06-28T13:48:05","slug":"platino-per-mille-con-33-milioni-di-stream-audio-video","status":"publish","type":"post","link":"https:\/\/www.musictory.it\/news\/platino-per-mille-con-33-milioni-di-stream-audio-video-62915\/","title":{"rendered":"Platino per &#8220;Mille&#8221; con 33 milioni di stream audio\/video"},"content":{"rendered":"\n<figure class=\"wp-block-image size-large\"><img loading=\"lazy\" decoding=\"async\" width=\"600\" height=\"400\" src=\"https:\/\/www.musictory.it\/news\/wp-content\/uploads\/2021\/06\/fedez-berti-lauro.jpg\" alt=\"\" class=\"wp-image-62747\" srcset=\"https:\/\/www.musictory.it\/news\/wp-content\/uploads\/2021\/06\/fedez-berti-lauro.jpg 600w, https:\/\/www.musictory.it\/news\/wp-content\/uploads\/2021\/06\/fedez-berti-lauro-300x200.jpg 300w\" sizes=\"auto, (max-width: 600px) 100vw, 600px\" \/><\/figure>\n\n\n\n<p>In vetta alle classifiche dei singoli pi\u00f9 venduti da due settimane consecutive, \u201c<strong>Mille<\/strong>\u201d, la canzone di<strong> Fedez<\/strong> <strong>e Achille Lauro feat. Orietta Berti<\/strong>,<strong> <\/strong>ottiene oggi la <strong>certificazione di disco di platino<\/strong>. Il singolo, prodotto da <strong>d.whale<\/strong>, ha gi\u00e0 superato 33 milioni di stream audio\/video, di cui 16 milioni dal video ufficiale, confermandosi come una delle canzoni pi\u00f9 amate dell&#8217;estate.\u00a0<\/p>\n\n\n\n<!--more-->\n\n\n\n<p>Il video di \u201c<strong>Mille<\/strong>\u201d, da due settimane ai vertici <strong>delle tendenze<\/strong> di YouTube, e di cui <strong>Giulio Rosati<\/strong> ha curato la regia per <strong>Maestro Production<\/strong>, riproduce lo scenario tipico di una calda giornata d&#8217;estate negli anni \u201960, in linea con la sonorit\u00e0 del singolo, tra bagni in piscina con le vistose cuffie colorate e i vestiti tipici del tempo, passerelle a bordo vasca e gossip dal parrucchiere. L&#8217;apparente tranquillit\u00e0 iniziale e la sensazione di relax trasmessa si tramuta gradualmente in una situazione di caos totale ma silenzioso, tanto che lo spettatore quasi non riesce a percepirlo, prima delle scene finali, confuso dalle espressioni statuarie dei protagonisti della clip, indifferenti a ci\u00f2 che li circonda.&nbsp;<\/p>\n\n\n\n<p>Nel ritornello <strong>Orietta Berti<\/strong> canta \u201clabbra rosso Coca-Cola\u201d e proprio l&#8217;iconica bevanda ha scelto il video di \u201c<strong>Mille<\/strong>\u201d per svelare in anteprima assoluta il nuovo design di <strong>Coca-Cola Zero Zuccheri<\/strong>, parte della nuova campagna di comunicazione.<\/p>\n\n\n\n<p>La cover del brano \u00e8 stata realizzata dall\u2019artista <strong>Francesco Vezzoli<\/strong>, tra gli esponenti pi\u00f9 influenti e affermati dell&#8217;arte contemporanea italiana a livello internazionale.<\/p>\n\n\n\n<p>\u201c<em>Con Achille Lauro l&#8217;idea di fare qualcosa insieme era nell&#8217;aria gi\u00e0 da un po\u2019, Orietta \u00e8 un&#8217;icona della musica italiana: la compagnia ideale per portare un po\u2019 di leggerezza. E poi c&#8217;\u00e8 la speciale collaborazione con Francesco Vezzoli, un evento eccezionale avere la sua firma sulla realizzazione della cover del brano\u201d<\/em> \u2013 commenta <strong>Fedez<\/strong>.<\/p>\n\n\n\n<p>&#8220;<em>Mi hanno proposto un nuovo twist. Non potevo dire di no. E Twist sia!<\/em>&#8221; \u2013 afferma <strong>Achille Lauro<\/strong>.<\/p>\n\n\n\n<p>&#8220;<em>Tutto \u00e8 nato da un collegamento su Instagram con Fedez, nel penultimo giorno del Festival: Federico mi aveva lanciato la proposta di fare una canzone. In seguito, mi ha inviato un provino che ho ascoltato, rimandandogli poi la mia versione cantata. L&#8217;ho registrata nel periodo in cui ero in trasmissione da Enrico Papi. Mi hanno detto che ci sarebbe stata una \u201cbomba\u201d e, poco dopo, mi hanno svelato che ci sarebbe stato anche Achille Lauro. Una piacevolissima sorpresa! Il pezzo \u00e8 bellissimo e a me piace tanto! Trasmette quella voglia di estate e quella leggerezza di stagione di cui abbiamo davvero bisogno. Tre generi diversi che si sono uniti perfettamente: gli opposti si attraggono. La mia voce mette in risalto la loro cos\u00ec come la loro mette in risalto la mia. Non sar\u00e0 pi\u00f9 quella lirica sanremese ma un&#8217;inedita alchimia nata dalle nostre voci<\/em>\u201d \u2013 commenta <strong>Orietta Berti<\/strong>.<\/p>\n\n\n\n<p>\u201c<em>Ironia ritmo e leggerezza-pop camp e kitsch con un twist di Grease. Siamo quasi bravi come il Quartetto Cetra<\/em>\u201d \u2013 dichiara <strong>Francesco Vezzoli<\/strong>.&nbsp;<\/p>\n","protected":false},"excerpt":{"rendered":"<p>In vetta alle classifiche dei singoli pi\u00f9 venduti da due settimane consecutive, \u201cMille\u201d, la canzone di Fedez e Achille Lauro feat. Orietta Berti, ottiene oggi la certificazione di disco di platino. Il singolo, prodotto da d.whale, ha gi\u00e0 superato 33 milioni di stream audio\/video, di cui 16 milioni dal video ufficiale, confermandosi come una delle [&hellip;]<\/p>\n","protected":false},"author":8,"featured_media":0,"comment_status":"open","ping_status":"open","sticky":false,"template":"","format":"standard","meta":{"ngg_post_thumbnail":0,"footnotes":""},"categories":[199],"tags":[12474,1066],"class_list":["post-62915","post","type-post","status-publish","format-standard","hentry","category-classifiche-2","tag-achille-lauro","tag-fedez"],"aioseo_notices":[],"_links":{"self":[{"href":"https:\/\/www.musictory.it\/news\/wp-json\/wp\/v2\/posts\/62915","targetHints":{"allow":["GET"]}}],"collection":[{"href":"https:\/\/www.musictory.it\/news\/wp-json\/wp\/v2\/posts"}],"about":[{"href":"https:\/\/www.musictory.it\/news\/wp-json\/wp\/v2\/types\/post"}],"author":[{"embeddable":true,"href":"https:\/\/www.musictory.it\/news\/wp-json\/wp\/v2\/users\/8"}],"replies":[{"embeddable":true,"href":"https:\/\/www.musictory.it\/news\/wp-json\/wp\/v2\/comments?post=62915"}],"version-history":[{"count":1,"href":"https:\/\/www.musictory.it\/news\/wp-json\/wp\/v2\/posts\/62915\/revisions"}],"predecessor-version":[{"id":62916,"href":"https:\/\/www.musictory.it\/news\/wp-json\/wp\/v2\/posts\/62915\/revisions\/62916"}],"wp:attachment":[{"href":"https:\/\/www.musictory.it\/news\/wp-json\/wp\/v2\/media?parent=62915"}],"wp:term":[{"taxonomy":"category","embeddable":true,"href":"https:\/\/www.musictory.it\/news\/wp-json\/wp\/v2\/categories?post=62915"},{"taxonomy":"post_tag","embeddable":true,"href":"https:\/\/www.musictory.it\/news\/wp-json\/wp\/v2\/tags?post=62915"}],"curies":[{"name":"wp","href":"https:\/\/api.w.org\/{rel}","templated":true}]}}