{"id":62398,"date":"2021-05-26T09:06:55","date_gmt":"2021-05-26T07:06:55","guid":{"rendered":"https:\/\/www.musictory.it\/news\/?p=62398"},"modified":"2021-05-26T09:06:57","modified_gmt":"2021-05-26T07:06:57","slug":"casa-battiato-residenza-di-milo-sottoposta-a-vincolo-cultura-dalla-sopraintendenza","status":"publish","type":"post","link":"https:\/\/www.musictory.it\/news\/casa-battiato-residenza-di-milo-sottoposta-a-vincolo-cultura-dalla-sopraintendenza-62398\/","title":{"rendered":"Casa Battiato, residenza di Milo sottoposta a vincolo cultura dalla sopraintendenza"},"content":{"rendered":"\n<figure class=\"wp-block-image size-large\"><img loading=\"lazy\" decoding=\"async\" width=\"600\" height=\"400\" src=\"https:\/\/www.musictory.it\/news\/wp-content\/uploads\/2019\/04\/franco-battiato-600x400.jpg\" alt=\"\" class=\"wp-image-49167\" srcset=\"https:\/\/www.musictory.it\/news\/wp-content\/uploads\/2019\/04\/franco-battiato.jpg 600w, https:\/\/www.musictory.it\/news\/wp-content\/uploads\/2019\/04\/franco-battiato-300x200.jpg 300w\" sizes=\"auto, (max-width: 600px) 100vw, 600px\" \/><\/figure>\n\n\n\n<p>La casa di Franco Battiato a Milo diventer\u00e0 un <strong>edificio di interesse culturale<\/strong>. <\/p>\n\n\n\n<!--more-->\n\n\n\n<p>La soprintendenza ai beni culturali di Catania ha avviato la procedura per tutelare <strong>Villa<\/strong> <strong>Grazia<\/strong>, il luogo nel quale il cantautore ha vissuto fino alla morte giunta la settimana scorsa: il procedimento dovr\u00e0 essere completato entro 120 giorni e a quel punto, secondo le intenzioni della Regione siciliana, <strong>la casa dovrebbe diventare un museo<\/strong>.<\/p>\n\n\n\n<p><em>\u201cLa nostra funzione \u00e8 quella di preservare e tutelare ci\u00f2 che ha un valore storico, etnoantropologico e culturale perch\u00e9 ne resti memoria nel tempo. La villa di Milo<\/em> \u2013 precisa <strong>Donatella<\/strong> <strong>Aprile<\/strong>, Soprintendente di Catania \u2013 <em>oltre ad essere un bell&#8217;esempio di casale rurale, \u00e8 oggi un luogo simbolico che testimonia la vita di un artista siciliano riconosciuto in tutto il mondo per la peculiarit\u00e0 della sua produzione; la sua casa deve essere preservata perch\u00e9 possa testimoniarne la vita e diventare un luogo di riferimento, un Museo della Musica che ne possa mantenere la memoria\u201d. <\/em><\/p>\n\n\n\n<p><em>\u201cVilla Grazia \u00e8 un luogo unico<\/em> \u2013 sottolinea l&#8217;assessore dei Beni Culturali e dell&#8217;Identit\u00e0 Siciliana, <strong>Alberto<\/strong> <strong>Samon\u00e0<\/strong> \u2013 <em>perch\u00e9 esprime quel silenzio e quella spiritualit\u00e0 che Franco Battiato ci ha donato con la sua arte. Il vincolo culturale \u00e8 un gesto di amore verso l\u2019artista, ma anche di rispetto e di attenzione per quella che fu la sua dimora. Un luogo che ci invita alla riflessione, all&#8217;introspezione e alla ricerca della verit\u00e0: un microcosmo alle pendici della montagna sacra, che con questo gesto vorremmo che fosse ulteriormente valorizzato, nel nome di questo grande, grandissimo artista\u201d.<\/em><\/p>\n\n\n\n<p><em>\u201cLa casa di Franco Battiato \u2013 <\/em>evidenzia <strong>Alfio<\/strong> <strong>Cosentino<\/strong>, Sindaco di Milo<em> &#8211; rappresenta nel mondo culturale italiano un bene di enorme valore. Essa, infatti, \u00e8 stata il luogo in cui l&#8217;artista ha composto la sua musica, approfondito i suoi studi, realizzato i suoi dipinti, raccolto gli oggetti a lui pi\u00f9 cari. Apprezzo e accolgo, dunque, con grande soddisfazione l&#8217;iniziativa dell&#8217;assessore ai Beni Culturali, Alberto Samon\u00e0 e della Sovrintendente dei beni culturali di Catania, architetto Donatella Aprile, i quali hanno mostrato grande attenzione e sensibilit\u00e0 ponendo il vincolo culturale su Villa Grazia, residenza di Milo che Battiato aveva scelto come luogo in cui vivere e da cui trarre ispirazione\u201d.<\/em><\/p>\n","protected":false},"excerpt":{"rendered":"<p>La casa di Franco Battiato a Milo diventer\u00e0 un edificio di interesse culturale.<\/p>\n","protected":false},"author":8,"featured_media":0,"comment_status":"open","ping_status":"open","sticky":false,"template":"","format":"standard","meta":{"ngg_post_thumbnail":0,"footnotes":""},"categories":[26],"tags":[2320,17148,19708],"class_list":["post-62398","post","type-post","status-publish","format-standard","hentry","category-notizie","tag-franco-battiato","tag-milo","tag-villa-grazia"],"aioseo_notices":[],"_links":{"self":[{"href":"https:\/\/www.musictory.it\/news\/wp-json\/wp\/v2\/posts\/62398","targetHints":{"allow":["GET"]}}],"collection":[{"href":"https:\/\/www.musictory.it\/news\/wp-json\/wp\/v2\/posts"}],"about":[{"href":"https:\/\/www.musictory.it\/news\/wp-json\/wp\/v2\/types\/post"}],"author":[{"embeddable":true,"href":"https:\/\/www.musictory.it\/news\/wp-json\/wp\/v2\/users\/8"}],"replies":[{"embeddable":true,"href":"https:\/\/www.musictory.it\/news\/wp-json\/wp\/v2\/comments?post=62398"}],"version-history":[{"count":1,"href":"https:\/\/www.musictory.it\/news\/wp-json\/wp\/v2\/posts\/62398\/revisions"}],"predecessor-version":[{"id":62399,"href":"https:\/\/www.musictory.it\/news\/wp-json\/wp\/v2\/posts\/62398\/revisions\/62399"}],"wp:attachment":[{"href":"https:\/\/www.musictory.it\/news\/wp-json\/wp\/v2\/media?parent=62398"}],"wp:term":[{"taxonomy":"category","embeddable":true,"href":"https:\/\/www.musictory.it\/news\/wp-json\/wp\/v2\/categories?post=62398"},{"taxonomy":"post_tag","embeddable":true,"href":"https:\/\/www.musictory.it\/news\/wp-json\/wp\/v2\/tags?post=62398"}],"curies":[{"name":"wp","href":"https:\/\/api.w.org\/{rel}","templated":true}]}}