{"id":60965,"date":"2021-03-16T10:05:14","date_gmt":"2021-03-16T09:05:14","guid":{"rendered":"https:\/\/www.musictory.it\/news\/?p=60965"},"modified":"2021-03-16T10:05:15","modified_gmt":"2021-03-16T09:05:15","slug":"roby-facchinetti-sui-maneskin-sono-i-nuovi-pooh","status":"publish","type":"post","link":"https:\/\/www.musictory.it\/news\/roby-facchinetti-sui-maneskin-sono-i-nuovi-pooh-60965\/","title":{"rendered":"Roby Facchinetti sui Maneskin &#8220;Sono i nuovi Pooh&#8221;"},"content":{"rendered":"\n<figure class=\"wp-block-image size-large\"><img loading=\"lazy\" decoding=\"async\" width=\"600\" height=\"400\" src=\"https:\/\/www.musictory.it\/news\/wp-content\/uploads\/2021\/03\/maneskin.jpg\" alt=\"\" class=\"wp-image-60600\" srcset=\"https:\/\/www.musictory.it\/news\/wp-content\/uploads\/2021\/03\/maneskin.jpg 600w, https:\/\/www.musictory.it\/news\/wp-content\/uploads\/2021\/03\/maneskin-300x200.jpg 300w\" sizes=\"auto, (max-width: 600px) 100vw, 600px\" \/><\/figure>\n\n\n\n<p><strong>Roby<\/strong> <strong>Facchinetti<\/strong> vede i <strong>Maneskin<\/strong> come degni eredi dei <strong>Pooh<\/strong>.<\/p>\n\n\n\n<p>A rivelarlo \u00e8 lo stesso compositore, tastierista e cantante della band di <em>Pensiero<\/em>, che parlando del risultato ottenuto dai giovani musicisti romani alla kermesse, afferma<em> &#8220;Hanno tutti i numeri per farcela<\/em>&#8220;.<\/p>\n\n\n\n<p><em>&#8220;Se i Maneskin saranno i nuovi Pooh 2.0? Hanno tutti i numeri per farcela. Mi \u00e8 sembrato che la qualit\u00e0 musicale, che nei particolari non si pu\u00f2 certo giudicare da un ascolto televisivo ma dal vivo, sia pi\u00f9 che buona&#8221;, <\/em>commenta Roby Facchinetti ai microfoni di Leggo.<\/p>\n\n\n\n<p><em>&#8220;Hanno grinta da vendere e questo lo hanno dimostrato pure su un palcoscenico che, diciamolo francamente, a quel genere l\u00ec non \u00e8 certo abituato. Anche la teatralit\u00e0 del frontman, Damiano, gioca il suo ruolo ma una band \u00e8 anzitutto gruppo, insieme, collettivo<\/em>&#8220;.<\/p>\n\n\n\n<p>A fare concorrenza a Damiano David e il suo rock c&#8217;\u00e8 tuttavia un&#8217;altra band, che a Sanremo 21 \u00e8 stata ospite d&#8217;onore con un tributo a Lucio Dalla <em>&#8220;I Negramano, bravissimi. Una musica cos\u00ec personale, unica, riconoscibile. E Sangiorgi, con la sua sensibilit\u00e0, ne \u00e8 l\u2019anima, il motore<\/em>&#8220;.<\/p>\n","protected":false},"excerpt":{"rendered":"<p>Roby Facchinetti vede i Maneskin come degni eredi dei Pooh. A rivelarlo \u00e8 lo stesso compositore, tastierista e cantante della band di Pensiero, che parlando del risultato ottenuto dai giovani musicisti romani alla kermesse, afferma &#8220;Hanno tutti i numeri per farcela&#8220;. &#8220;Se i Maneskin saranno i nuovi Pooh 2.0? Hanno tutti i numeri per farcela. [&hellip;]<\/p>\n","protected":false},"author":8,"featured_media":0,"comment_status":"open","ping_status":"open","sticky":false,"template":"","format":"standard","meta":{"ngg_post_thumbnail":0,"footnotes":""},"categories":[16840],"tags":[17605,3931,4996],"class_list":["post-60965","post","type-post","status-publish","format-standard","hentry","category-interviste","tag-maneskin","tag-pooh","tag-roby-facchinetti"],"aioseo_notices":[],"_links":{"self":[{"href":"https:\/\/www.musictory.it\/news\/wp-json\/wp\/v2\/posts\/60965","targetHints":{"allow":["GET"]}}],"collection":[{"href":"https:\/\/www.musictory.it\/news\/wp-json\/wp\/v2\/posts"}],"about":[{"href":"https:\/\/www.musictory.it\/news\/wp-json\/wp\/v2\/types\/post"}],"author":[{"embeddable":true,"href":"https:\/\/www.musictory.it\/news\/wp-json\/wp\/v2\/users\/8"}],"replies":[{"embeddable":true,"href":"https:\/\/www.musictory.it\/news\/wp-json\/wp\/v2\/comments?post=60965"}],"version-history":[{"count":1,"href":"https:\/\/www.musictory.it\/news\/wp-json\/wp\/v2\/posts\/60965\/revisions"}],"predecessor-version":[{"id":60966,"href":"https:\/\/www.musictory.it\/news\/wp-json\/wp\/v2\/posts\/60965\/revisions\/60966"}],"wp:attachment":[{"href":"https:\/\/www.musictory.it\/news\/wp-json\/wp\/v2\/media?parent=60965"}],"wp:term":[{"taxonomy":"category","embeddable":true,"href":"https:\/\/www.musictory.it\/news\/wp-json\/wp\/v2\/categories?post=60965"},{"taxonomy":"post_tag","embeddable":true,"href":"https:\/\/www.musictory.it\/news\/wp-json\/wp\/v2\/tags?post=60965"}],"curies":[{"name":"wp","href":"https:\/\/api.w.org\/{rel}","templated":true}]}}