{"id":59345,"date":"2020-12-17T10:01:31","date_gmt":"2020-12-17T09:01:31","guid":{"rendered":"https:\/\/www.musictory.it\/news\/?p=59345"},"modified":"2020-12-17T10:01:31","modified_gmt":"2020-12-17T09:01:31","slug":"franco126-duetta-con-calcutta-in-blue-jeans","status":"publish","type":"post","link":"https:\/\/www.musictory.it\/news\/franco126-duetta-con-calcutta-in-blue-jeans-59345\/","title":{"rendered":"Franco126 duetta con Calcutta in &#8220;Blue Jeans&#8221;"},"content":{"rendered":"<p><img loading=\"lazy\" decoding=\"async\" width=\"600\" height=\"400\" class=\"aligncenter size-large wp-image-59346\" src=\"https:\/\/www.musictory.it\/news\/wp-content\/uploads\/2020\/12\/franco-126-600x400.jpg\" alt=\"\" srcset=\"https:\/\/www.musictory.it\/news\/wp-content\/uploads\/2020\/12\/franco-126.jpg 600w, https:\/\/www.musictory.it\/news\/wp-content\/uploads\/2020\/12\/franco-126-300x200.jpg 300w\" sizes=\"auto, (max-width: 600px) 100vw, 600px\" \/><\/p>\n<p><b><i>Blue Jeans<\/i><\/b>&nbsp;(Bomba Dischi \/ Island Records) \u00e8 il ritorno sulle scene dello scrittore di canzoni&nbsp;<b>Franco126<\/b>&nbsp;a distanza di circa due anni dallo splendido esordio solista&nbsp;<i>Stanza Singola<\/i>, certificato Platino.<\/p>\n<p><!--more--><\/p>\n<p>Anticipato da alcuni giorni dall\u2019apparizione di alcuni versi scritti su speciali&nbsp;installazioni&nbsp;a led sui ponti di Roma e sui Navigli di Milano,&nbsp;<i>Blue Jeans<\/i>&nbsp;\u00e8 un brano intenso, senza tempo e luogo, la fine di una storia d&#8217;amore raccontata attraverso l\u2019arpeggio eterno di una chitarra acustica su cui si sfogano tutte le malinconie. Una canzone in cui la semplicit\u00e0 diventa arte lasciando spazio alle parole. Quelle parole, soppesate con cura e cucite con premura, che sono diventate il marchio di fabbrica certificato di Franco126. Blue Jeans, che non a caso vanta la collaborazione di Calcutta, game-changer del cantautorato italiano, \u00e8 la riprova e conferma di un consolidato e personale stile narrativo.<span class=\"x_x_Apple-converted-space\">&nbsp;<\/span><\/p>\n<p>La produzione di \u201cBlue Jeans\u201d \u00e8 stata affidata a Ceri ed \u00e8 impreziosita dalle chitarre di Giorgio Poi. Domani alle 14 uscir\u00e0 il video con la regia di Vittorio Antonacci.<\/p>\n<p>ASCOLTA BLUE JEANS:&nbsp;https:\/\/isl.lnk.to\/BlueJeans<span class=\"x_x_Apple-converted-space\">&nbsp;<\/span><\/p>\n<p>Con l\u2019uscita di questo brano, Franco126 annuncia cos\u00ec anche due concerti previsti per il prossimo anno. Due serate importanti, prodotte da Vivo Concerti, che vedranno il cantautore esibirsi per la prima volta sul palco del&nbsp;<b>Mediolanum Forum di Assago (Milano) il 5 novembre 2021<\/b>&nbsp;e su quello del&nbsp;<b>Palazzo dello Sport di Roma il 10 novembre 2021<\/b>.<\/p>\n<p>Per info: www.vivoconcerti.com<\/p>\n","protected":false},"excerpt":{"rendered":"<p>Blue Jeans&nbsp;(Bomba Dischi \/ Island Records) \u00e8 il ritorno sulle scene dello scrittore di canzoni&nbsp;Franco126&nbsp;a distanza di circa due anni dallo splendido esordio solista&nbsp;Stanza Singola, certificato Platino.<\/p>\n","protected":false},"author":8,"featured_media":59346,"comment_status":"open","ping_status":"open","sticky":false,"template":"","format":"standard","meta":{"ngg_post_thumbnail":0,"footnotes":""},"categories":[16],"tags":[18023,19458],"class_list":["post-59345","post","type-post","status-publish","format-standard","has-post-thumbnail","hentry","category-uscite-discografiche","tag-calcutta","tag-franco-126"],"aioseo_notices":[],"_links":{"self":[{"href":"https:\/\/www.musictory.it\/news\/wp-json\/wp\/v2\/posts\/59345","targetHints":{"allow":["GET"]}}],"collection":[{"href":"https:\/\/www.musictory.it\/news\/wp-json\/wp\/v2\/posts"}],"about":[{"href":"https:\/\/www.musictory.it\/news\/wp-json\/wp\/v2\/types\/post"}],"author":[{"embeddable":true,"href":"https:\/\/www.musictory.it\/news\/wp-json\/wp\/v2\/users\/8"}],"replies":[{"embeddable":true,"href":"https:\/\/www.musictory.it\/news\/wp-json\/wp\/v2\/comments?post=59345"}],"version-history":[{"count":1,"href":"https:\/\/www.musictory.it\/news\/wp-json\/wp\/v2\/posts\/59345\/revisions"}],"predecessor-version":[{"id":59347,"href":"https:\/\/www.musictory.it\/news\/wp-json\/wp\/v2\/posts\/59345\/revisions\/59347"}],"wp:featuredmedia":[{"embeddable":true,"href":"https:\/\/www.musictory.it\/news\/wp-json\/wp\/v2\/media\/59346"}],"wp:attachment":[{"href":"https:\/\/www.musictory.it\/news\/wp-json\/wp\/v2\/media?parent=59345"}],"wp:term":[{"taxonomy":"category","embeddable":true,"href":"https:\/\/www.musictory.it\/news\/wp-json\/wp\/v2\/categories?post=59345"},{"taxonomy":"post_tag","embeddable":true,"href":"https:\/\/www.musictory.it\/news\/wp-json\/wp\/v2\/tags?post=59345"}],"curies":[{"name":"wp","href":"https:\/\/api.w.org\/{rel}","templated":true}]}}