{"id":59308,"date":"2020-11-28T11:20:20","date_gmt":"2020-11-28T10:20:20","guid":{"rendered":"https:\/\/www.musictory.it\/news\/?p=59308"},"modified":"2020-11-28T11:20:20","modified_gmt":"2020-11-28T10:20:20","slug":"la-classe-ufficiale-di-amici-2020","status":"publish","type":"post","link":"https:\/\/www.musictory.it\/news\/la-classe-ufficiale-di-amici-2020-59308\/","title":{"rendered":"La classe ufficiale di Amici 2020"},"content":{"rendered":"<p><img loading=\"lazy\" decoding=\"async\" width=\"600\" height=\"400\" class=\"aligncenter size-large wp-image-59309\" src=\"https:\/\/www.musictory.it\/news\/wp-content\/uploads\/2020\/11\/amici-2020-600x400.jpg\" alt=\"\" srcset=\"https:\/\/www.musictory.it\/news\/wp-content\/uploads\/2020\/11\/amici-2020.jpg 600w, https:\/\/www.musictory.it\/news\/wp-content\/uploads\/2020\/11\/amici-2020-300x200.jpg 300w\" sizes=\"auto, (max-width: 600px) 100vw, 600px\" \/><\/p>\n<p>Si \u00e8 formata la classe di&nbsp;<strong>Amici 20<\/strong>, la nuova edizione del talent artistico condotto da&nbsp;<strong>Maria De Filippi<\/strong>&nbsp;su Canale 5. I nuovi allievi hanno trovato ad accoglierli, oltre che i professori, anche una rappresentanza di Big di Amici seduti su quelli che ora sono diventati i loro banchi. Un modo per festeggiare i vent\u2019anni della scuola dei talenti di Maria De Filippi.<\/p>\n<p><!--more--><\/p>\n<p><em>&#8220;Questa edizione&#8221;<\/em> ha chiarito fin da subito Maria De Filippi <em>&#8220;\u00e8 influenzata dalla pandemia&#8221;<\/em>. Che significa? Che i 15 allievi scelti (finora), 10 cantanti e 5 ballerini, dovranno convivere 24 ore su 24 in un\u2019unica casa, dunque non saranno divisi in due squadre, e ognuno lotter\u00e0 per difendere il proprio banco.<\/p>\n<p><strong>MARTINA &#8211; BALLO<\/strong><br \/>\nMartina Miliddi (20) &#8211; Viene da Assemini (CA). Da bambina \u00e8 rimasta orfana del pap\u00e0. Ha iniziato a ballare imitando le veline di \u201cStriscia la notizia\u201d. Specializzata in danze latino-americane, ha vinto vari premi.<\/p>\n<p><strong>SAMUELE &#8211; BALLO<\/strong><br \/>\nSamuele Barbetta (23) &#8211; Arriva dalla provincia di Padova. Inizia a prendere lezioni di hip hop a 12 anni, ora \u00e8 ballerino, insegnante di danza e coreografo. Ad \u201cAmici\u2019 si \u00e8 esibito in una sua coreografia dedicata alla mamma.<\/p>\n<p><strong>LEONARDO &#8211; CANTO<\/strong><br \/>\nLeonardo Lamacchia (26) &#8211; Barese, compone al piano. Debutta nel coro della chiesa, pubblica i primi pezzi e nel 2017 \u00e8 nelle Nuove proposte al Festival di Sanremo. Ha aperto i tour di Ermal Meta e Fabrizio Moro.<\/p>\n<p><strong>EVANDRO &#8211; CANTO<\/strong><br \/>\nCarlo Evandro Ciaccia (19) &#8211; Nato a Beirut, vive a Roma. Scrive le prime canzoni durante l\u2019anno di studi trascorso in Inghilterra. Suona la chitarra. Oltre alla musica ha la passione per il disegno, infatti fa illustrazioni e fumetti.<\/p>\n<p><strong>ARIANNA &#8211; CANTO<\/strong><br \/>\nArianna Gianfelici (19) &#8211; Vive a Fabrica di Roma (VT). Il pap\u00e0 \u00e8 morto d\u2019infarto mentre erano in moto insieme. A lui ha dedicato il pezzo \u201cDestinazione Paradiso\u201d di Grignani. Non ha mai preso lezioni di canto. Ha un microfono tatuato.<\/p>\n<p><strong>RICCARDO &#8211; BALLO<\/strong><br \/>\nRiccardo Guarnaccia (19) &#8211; Arriva dalla provincia di Catania. Si \u00e8 gi\u00e0 esibito in vari concorsi e spettacoli teatrali con la compagnia siciliana Friends Art Musical. Ha tatuato il numero 17 sull\u2019indice della mano destra.<\/p>\n<p><strong>ROSA &#8211; BALLO<\/strong><br \/>\nRosa Di Grazia (20) &#8211; Nata a Napoli, vive a Santa Marinella (RM), dove fa l\u2019insegnante di ballo presso una scuola di danza. Ha fatto anche la fotomodella. \u00c8 stata selezionata dopo una coreografia sui tacchi.<\/p>\n<p><strong>GIULIA &#8211; BALLO<\/strong><br \/>\nGiulia Stabile (18) &#8211; Romana, \u00e8 ballerina professionista. Si \u00e8 gi\u00e0 esibita in alcuni spettacoli della N.Ough Megacrew, un gruppo di urban dance, e con il ballerino Andreas M\u00fcller, ex allievo di \u201cAmici\u201d. Ha paura del buio.<\/p>\n<p><strong>GIULIO &#8211; CANTO<\/strong><br \/>\nGiulio Musca (26) &#8211; Vive a San Pancrazio Salentino (BR) e lavora in una concessionaria di veicoli industriali. \u00c8 voce e chitarra della band salentina Kayssah, che si era gi\u00e0 presentata ad \u201cAmici\u201d nel 2015. Ora \u00e8 in gara come solista.<\/p>\n<p><strong>AKA7EVEN &#8211; CANTO<\/strong><br \/>\nLuca Marzano (20) &#8211; \u00c8 nato a Vico Equense (NA). Nel 2017 aveva gi\u00e0 tentato la fortuna a \u201cX Factor\u201d. Finora ha pubblicato un album e duettato con Biondo. Anni fa \u00e8 finito in coma: dice di esserne uscito grazie alla musica.<\/p>\n<p><strong>SANGIOVANNI &#8211; CANTO<\/strong><br \/>\nDamian Giovanni Pietro (17) &#8211; Arriva dalla provincia di Vicenza. \u00c8 il pi\u00f9 giovane degli allievi. Ha pubblicato due singoli, \u201cParano!a\u201d e \u201cnon+\u201d (di cui ha girato pure il video). Ha portato un suo inedito, \u201cGucci Bag\u201d.<\/p>\n<p><strong>ESA &#8211; CANTO<\/strong><br \/>\nEsa Abrate (22) &#8211; Nato in Francia, \u00e8 stato adottato da una famiglia piemontese. Ha studiato direzione d\u2019orchestra e per il suo talento ha ricevuto l\u2019attestato di \u201cAlfiere della Repubblica\u201d dal Presidente Mattarella.<\/p>\n<p><strong>LETIZIA &#8211; CANTO<\/strong><br \/>\nLetizia Bertoldi (20) &#8211; Vive a San Giovanni in Persiceto (BO). \u00c8 una soprano e studia musica dall\u2019et\u00e0 di 8 anni. Si \u00e8 esibita nei teatri cantando Verdi e Mozart. Studentessa, \u00e8 iscritta alla facolt\u00e0 di Antropologia.<\/p>\n<p><strong>RAFFAELE &#8211; CANTO<\/strong><br \/>\nRaffaele Renda (20) &#8211; Di Lamezia Terme (CZ), ha partecipato a concorsi e serate in piazza. Nel 2018 \u00e8 tra i concorrenti del talent \u201cSanremo Young\u201d (arriva 2\u00b0). Ad \u201cAmici\u201d ha cantato il suo brano \u201cIl sole alle finestre\u201d.<\/p>\n<p><strong>KIKA &#8211; CANTO<\/strong><br \/>\nFederica La Rocca (21) &#8211; Siciliana di Caltanissetta. A 16 anni ha lasciato la scuola, ha fatto la barista e si \u00e8 dedicata alla musica. Dopo serate, eventi e festival, ha pubblicato \u201cAmore in contanti\u201d con il rapper Sire.<\/p>\n<p>&nbsp;<\/p>\n","protected":false},"excerpt":{"rendered":"<p>Si \u00e8 formata la classe di&nbsp;Amici 20, la nuova edizione del talent artistico condotto da&nbsp;Maria De Filippi&nbsp;su Canale 5. I nuovi allievi hanno trovato ad accoglierli, oltre che i professori, anche una rappresentanza di Big di Amici seduti su quelli che ora sono diventati i loro banchi. Un modo per festeggiare i vent\u2019anni della scuola [&hellip;]<\/p>\n","protected":false},"author":8,"featured_media":59309,"comment_status":"open","ping_status":"open","sticky":false,"template":"","format":"standard","meta":{"ngg_post_thumbnail":0,"footnotes":""},"categories":[8],"tags":[19453],"class_list":["post-59308","post","type-post","status-publish","format-standard","has-post-thumbnail","hentry","category-amici","tag-amici-2020"],"aioseo_notices":[],"_links":{"self":[{"href":"https:\/\/www.musictory.it\/news\/wp-json\/wp\/v2\/posts\/59308","targetHints":{"allow":["GET"]}}],"collection":[{"href":"https:\/\/www.musictory.it\/news\/wp-json\/wp\/v2\/posts"}],"about":[{"href":"https:\/\/www.musictory.it\/news\/wp-json\/wp\/v2\/types\/post"}],"author":[{"embeddable":true,"href":"https:\/\/www.musictory.it\/news\/wp-json\/wp\/v2\/users\/8"}],"replies":[{"embeddable":true,"href":"https:\/\/www.musictory.it\/news\/wp-json\/wp\/v2\/comments?post=59308"}],"version-history":[{"count":1,"href":"https:\/\/www.musictory.it\/news\/wp-json\/wp\/v2\/posts\/59308\/revisions"}],"predecessor-version":[{"id":59310,"href":"https:\/\/www.musictory.it\/news\/wp-json\/wp\/v2\/posts\/59308\/revisions\/59310"}],"wp:featuredmedia":[{"embeddable":true,"href":"https:\/\/www.musictory.it\/news\/wp-json\/wp\/v2\/media\/59309"}],"wp:attachment":[{"href":"https:\/\/www.musictory.it\/news\/wp-json\/wp\/v2\/media?parent=59308"}],"wp:term":[{"taxonomy":"category","embeddable":true,"href":"https:\/\/www.musictory.it\/news\/wp-json\/wp\/v2\/categories?post=59308"},{"taxonomy":"post_tag","embeddable":true,"href":"https:\/\/www.musictory.it\/news\/wp-json\/wp\/v2\/tags?post=59308"}],"curies":[{"name":"wp","href":"https:\/\/api.w.org\/{rel}","templated":true}]}}