{"id":59293,"date":"2020-11-27T10:37:36","date_gmt":"2020-11-27T09:37:36","guid":{"rendered":"https:\/\/www.musictory.it\/news\/?p=59293"},"modified":"2020-11-27T10:37:36","modified_gmt":"2020-11-27T09:37:36","slug":"con-la-trilogia-zerosettanta-chi-non-mi-conoscera-riuscira-a-farlo","status":"publish","type":"post","link":"https:\/\/www.musictory.it\/news\/con-la-trilogia-zerosettanta-chi-non-mi-conoscera-riuscira-a-farlo-59293\/","title":{"rendered":"\u201cCon la trilogia Zerosettanta chi non mi conoscer\u00e0 riuscir\u00e0 a farlo\u201d"},"content":{"rendered":"<p><img loading=\"lazy\" decoding=\"async\" width=\"600\" height=\"400\" class=\"aligncenter size-large wp-image-59294\" src=\"https:\/\/www.musictory.it\/news\/wp-content\/uploads\/2020\/11\/renato-zero-600x400.jpg\" alt=\"\" srcset=\"https:\/\/www.musictory.it\/news\/wp-content\/uploads\/2020\/11\/renato-zero.jpg 600w, https:\/\/www.musictory.it\/news\/wp-content\/uploads\/2020\/11\/renato-zero-300x200.jpg 300w\" sizes=\"auto, (max-width: 600px) 100vw, 600px\" \/><\/p>\n<p>Esce venerd\u00ec 27 novembre il terzo (primo volume) disco della trilogia <strong>Zerosettanta<\/strong> di <strong>Renato Zero<\/strong>, una compilation 3 cofanetti musicali dove l&#8217;artista&nbsp;decide di &#8220;ripresentarsi&#8221; al suo pubblico.<\/p>\n<p><!--more--><\/p>\n<p>Durante il discorso finale dell&#8217;ultima tappa del tour&nbsp;Zero il folle in tour&nbsp;del&nbsp;31 gennaio&nbsp;2020, Renato Zero <strong>annuncia al suo pubblico di volere festeggiare i suoi 70 anni con un grande concerto nella sua&nbsp;Roma<\/strong>. A causa della pandemia&nbsp;COVID-19, l&#8217;ipotesi del concerto sfuma e durante il lockdown Renato Zero lavora su alcune <strong>partiture del passato,<\/strong> scrive <strong>nuove canzoni<\/strong> con alcuni suoi storici collaboratori quali&nbsp;Vincenzo Incenzo,&nbsp;Adriano Pennino,&nbsp;Dario Baldan Bembo&nbsp;e il giovane&nbsp;Lorenzo Vizzini&nbsp;dando alla luce un triplo album di inediti con un totale di <strong>39 brani.<\/strong><\/p>\n<p>Nella discografia del cantante esiste un&nbsp;album con lo stesso titolo&nbsp;ma non ha nulla a che vedere con l&#8217;album pubblicato nel 2020 poich\u00e9 si tratta di una raccolta di brani degli anni &#8217;70. L&#8217;ordine di uscita dei tre dischi di inediti procede dal&nbsp;<i>Volumetre<\/i>&nbsp;al&nbsp;<i>Volumeuno<\/i>&nbsp;a simboleggiare il conto alla rovescia che il pubblico di Zero gli dedica prima degli inizi dei suoi concerti.<\/p>\n<p>Con questi volumi l&#8217;artista ha regalato ai suoi fan&nbsp;<strong>quasi 40 nuovi brani<\/strong> in appena 90 giorni&nbsp;&nbsp;\u201c<em>Ho passato un momento interessante della mia vita per via della pandemia: il fatto di essermi applicato a scrivere questo lavoro durante l\u2019isolamento mi ha favorito nella \u2018riesaminazione\u2019 di certi rapporti e mi ha permesso di guardare alle cose che avevo fatto e a quelle che mi stavo accingendo a fare, pensando a un futuro senza questa incombenza del Covid. Questo \u00e8 stato un periodo di analisi del mio stato e della mia consistenza: anche l\u2019auto-critica \u00e8 sempre ben accetta, perch\u00e9 aiuta a sentirsi meglio nella vita e ci induce a chiedere a noi stessi sempre di pi\u00f9.<\/em>\u201d<\/p>\n<p>&#8220;<em>Chi non conosce Renato, forse riuscir\u00e0 a comprenderlo di pi\u00f9 con \u2018Zerosettanta&#8217;&#8221;&nbsp;<\/em>sottolinea il cantante.<\/p>\n","protected":false},"excerpt":{"rendered":"<p>Esce venerd\u00ec 27 novembre il terzo (primo volume) disco della trilogia Zerosettanta di Renato Zero, una compilation 3 cofanetti musicali dove l&#8217;artista&nbsp;decide di &#8220;ripresentarsi&#8221; al suo pubblico.<\/p>\n","protected":false},"author":8,"featured_media":59294,"comment_status":"open","ping_status":"open","sticky":false,"template":"","format":"standard","meta":{"ngg_post_thumbnail":0,"footnotes":""},"categories":[16],"tags":[1999,19452],"class_list":["post-59293","post","type-post","status-publish","format-standard","has-post-thumbnail","hentry","category-uscite-discografiche","tag-renato-zero","tag-zerosettanta"],"aioseo_notices":[],"_links":{"self":[{"href":"https:\/\/www.musictory.it\/news\/wp-json\/wp\/v2\/posts\/59293","targetHints":{"allow":["GET"]}}],"collection":[{"href":"https:\/\/www.musictory.it\/news\/wp-json\/wp\/v2\/posts"}],"about":[{"href":"https:\/\/www.musictory.it\/news\/wp-json\/wp\/v2\/types\/post"}],"author":[{"embeddable":true,"href":"https:\/\/www.musictory.it\/news\/wp-json\/wp\/v2\/users\/8"}],"replies":[{"embeddable":true,"href":"https:\/\/www.musictory.it\/news\/wp-json\/wp\/v2\/comments?post=59293"}],"version-history":[{"count":1,"href":"https:\/\/www.musictory.it\/news\/wp-json\/wp\/v2\/posts\/59293\/revisions"}],"predecessor-version":[{"id":59295,"href":"https:\/\/www.musictory.it\/news\/wp-json\/wp\/v2\/posts\/59293\/revisions\/59295"}],"wp:featuredmedia":[{"embeddable":true,"href":"https:\/\/www.musictory.it\/news\/wp-json\/wp\/v2\/media\/59294"}],"wp:attachment":[{"href":"https:\/\/www.musictory.it\/news\/wp-json\/wp\/v2\/media?parent=59293"}],"wp:term":[{"taxonomy":"category","embeddable":true,"href":"https:\/\/www.musictory.it\/news\/wp-json\/wp\/v2\/categories?post=59293"},{"taxonomy":"post_tag","embeddable":true,"href":"https:\/\/www.musictory.it\/news\/wp-json\/wp\/v2\/tags?post=59293"}],"curies":[{"name":"wp","href":"https:\/\/api.w.org\/{rel}","templated":true}]}}