{"id":58324,"date":"2020-08-31T11:29:42","date_gmt":"2020-08-31T09:29:42","guid":{"rendered":"https:\/\/www.musictory.it\/news\/?p=58324"},"modified":"2020-08-31T11:29:42","modified_gmt":"2020-08-31T09:29:42","slug":"a-j-ax-il-premio-per-il-miglior-video-clip-del-2020","status":"publish","type":"post","link":"https:\/\/www.musictory.it\/news\/a-j-ax-il-premio-per-il-miglior-video-clip-del-2020-58324\/","title":{"rendered":"A J-Ax il premio per il miglior video-clip del 2020"},"content":{"rendered":"<p><img loading=\"lazy\" decoding=\"async\" width=\"600\" height=\"400\" class=\"aligncenter size-large wp-image-55113\" src=\"https:\/\/www.musictory.it\/news\/wp-content\/uploads\/2020\/02\/jax-600x400.jpg\" alt=\"\" srcset=\"https:\/\/www.musictory.it\/news\/wp-content\/uploads\/2020\/02\/jax.jpg 600w, https:\/\/www.musictory.it\/news\/wp-content\/uploads\/2020\/02\/jax-300x200.jpg 300w\" sizes=\"auto, (max-width: 600px) 100vw, 600px\" \/><\/p>\n<p>Davanti a una platea di macchine dal clacson strombazzante, nel drive in del festival <strong>IMAGinACTION<\/strong> che sar\u00e0 certificato come il pi\u00f9 grande d&#8217;Europa, <strong>J-Ax h<\/strong>a ritirato il premio per il miglior videoclip del 2020, quello di<em> Una voglia assurda<\/em>, il brano nato dopo il lockdown e che porta in musica lo stato d&#8217;animo dell&#8217;artista che in un verso canta <em>&#8220;al futuro penso poco perch\u00e9 mi manca il presente&#8221;.<\/em><\/p>\n<p><!--more--><\/p>\n<p><em>&#8220;Il coronavirus ci ha rubato un po&#8217; di spensieratezza, rendendoci consapevoli di tante cose che davamo per scontate&#8221;.<\/em><\/p>\n<p>Come la musica e i concerti, rimasti quest&#8217;anno per la gran parte in silenzio. <em>&#8220;Questa estate \u00e8 andata a rilento sotto tanti punti di vista. La musica si \u00e8 praticamente fermata e potr\u00e0 ripartire solo quando la vita stessa ripartir\u00e0&#8221;,<\/em> spiega Ax senza farsi troppe illusioni <em>&#8220;di certo non hanno aiutato certi comportamenti e certe direttive incongrue da parte della politica&#8221;, aggiunge, spiegando che il riferimento \u00e8 &#8220;da una parte il blocco dei live e dall&#8217;altra l&#8217;apertura delle discoteche: oltre a essere un insulto per migliaia di lavoratori del settore \u00e8 stato pericoloso per tutti. Avevo detto che siamo un popolo di bambini, no&#8230; piuttosto siamo un popolo di adolescenti senza regole&#8221;.<\/em><\/p>\n<p>Va all&#8217;attacco, senza preoccuparsi degli haters.<em> &#8220;Quando faccio dei post in cui invito a stare a casa e a non fare i coglioni, mi accusano di fare gli interessi di chiss\u00e0 chi. S\u00ec, diciamolo, faccio parte della lobby dei rettiliani&#8221;<\/em>. Il complottismo, aggiunge, <em>&#8220;che vede figure incappucciate a manovrare il mondo, \u00e8 un misto di sfiga, incompetenza, ignoranza. Altro che uscirne migliori&#8230; questa situazione ha dimostrato quello che siamo nel bene e nel male&#8221;.<\/em><\/p>\n<p>Tornando al premio di IMAGinACTION e al suo rapporto con i videoclip, J-Ax ricorda come sia cresciuto guardando MTV<em> &#8220;Il video \u00e8 una parte fondamentale di un brano. Dopo aver scritto una canzone, il passo successivo \u00e8 immaginare la clip. Tra gli stranieri non posso non citare Boys don&#8217;t cry dei Cure, mentre quelli che hanno segnato in particolare la mia carriera sono La Fidanzata e Senza dubbio, entrambi dell&#8217;epoca degli Articolo 31, ma anche Intro con Bianca Atzei&#8221;.<\/em> Tante i progetti e le collaborazioni con altri artisti nella carriera del cantante &#8211; compresa quella con Fedez, finita tra i veleni &#8211; che ha gi\u00e0 superato il traguardo dei 25 anni: <em>&#8220;E&#8217; molto lunga e confrontarsi con altri ti arricchisce, spezza la routine di un lavoro solitario&#8221;.<\/em><\/p>\n<p><strong>Infine l&#8217;artista annuncia che una collaborazione ci sar\u00e0 anche nel prossimo lavoro che \u00e8 a buon punto (&#8220;la quarantena \u00e8 stata molto produttiva&#8221;). <\/strong><\/p>\n<p>Intanto si prepara a riprendere lo show tv di Canale 5 All Together Now, alla terza edizione, con Michelle Hunziker.<\/p>\n<div id=\"video-container\"><iframe loading=\"lazy\" src=\"https:\/\/www.youtube.com\/embed\/-UPH8Ifou0g\" width=\"560\" height=\"315\" frameborder=\"0\" allowfullscreen=\"allowfullscreen\"><\/iframe><\/div>\n","protected":false},"excerpt":{"rendered":"<p>Davanti a una platea di macchine dal clacson strombazzante, nel drive in del festival IMAGinACTION che sar\u00e0 certificato come il pi\u00f9 grande d&#8217;Europa, J-Ax ha ritirato il premio per il miglior videoclip del 2020, quello di Una voglia assurda, il brano nato dopo il lockdown e che porta in musica lo stato d&#8217;animo dell&#8217;artista che [&hellip;]<\/p>\n","protected":false},"author":8,"featured_media":0,"comment_status":"open","ping_status":"open","sticky":false,"template":"","format":"standard","meta":{"ngg_post_thumbnail":0,"footnotes":""},"categories":[199],"tags":[222],"class_list":["post-58324","post","type-post","status-publish","format-standard","hentry","category-classifiche-2","tag-j-ax"],"aioseo_notices":[],"_links":{"self":[{"href":"https:\/\/www.musictory.it\/news\/wp-json\/wp\/v2\/posts\/58324","targetHints":{"allow":["GET"]}}],"collection":[{"href":"https:\/\/www.musictory.it\/news\/wp-json\/wp\/v2\/posts"}],"about":[{"href":"https:\/\/www.musictory.it\/news\/wp-json\/wp\/v2\/types\/post"}],"author":[{"embeddable":true,"href":"https:\/\/www.musictory.it\/news\/wp-json\/wp\/v2\/users\/8"}],"replies":[{"embeddable":true,"href":"https:\/\/www.musictory.it\/news\/wp-json\/wp\/v2\/comments?post=58324"}],"version-history":[{"count":1,"href":"https:\/\/www.musictory.it\/news\/wp-json\/wp\/v2\/posts\/58324\/revisions"}],"predecessor-version":[{"id":58325,"href":"https:\/\/www.musictory.it\/news\/wp-json\/wp\/v2\/posts\/58324\/revisions\/58325"}],"wp:attachment":[{"href":"https:\/\/www.musictory.it\/news\/wp-json\/wp\/v2\/media?parent=58324"}],"wp:term":[{"taxonomy":"category","embeddable":true,"href":"https:\/\/www.musictory.it\/news\/wp-json\/wp\/v2\/categories?post=58324"},{"taxonomy":"post_tag","embeddable":true,"href":"https:\/\/www.musictory.it\/news\/wp-json\/wp\/v2\/tags?post=58324"}],"curies":[{"name":"wp","href":"https:\/\/api.w.org\/{rel}","templated":true}]}}