{"id":53589,"date":"2019-11-22T12:44:54","date_gmt":"2019-11-22T11:44:54","guid":{"rendered":"https:\/\/www.musictory.it\/news\/?p=53589"},"modified":"2019-11-22T12:45:26","modified_gmt":"2019-11-22T11:45:26","slug":"gemitaiz-sta-con-ilaria-cucchi-contro-salvini-si-alla-querela","status":"publish","type":"post","link":"https:\/\/www.musictory.it\/news\/gemitaiz-sta-con-ilaria-cucchi-contro-salvini-si-alla-querela-53589\/","title":{"rendered":"Gemitaiz sta con Ilaria Cucchi contro Salvini &#8220;Si alla querela&#8221;"},"content":{"rendered":"<p><img loading=\"lazy\" decoding=\"async\" width=\"600\" height=\"400\" class=\"aligncenter size-large wp-image-53590\" src=\"https:\/\/www.musictory.it\/news\/wp-content\/uploads\/2019\/11\/gemitaiz-600x400.jpg\" alt=\"\" srcset=\"https:\/\/www.musictory.it\/news\/wp-content\/uploads\/2019\/11\/gemitaiz.jpg 600w, https:\/\/www.musictory.it\/news\/wp-content\/uploads\/2019\/11\/gemitaiz-300x200.jpg 300w\" sizes=\"auto, (max-width: 600px) 100vw, 600px\" \/><\/p>\n<p>Ancora una volta <strong>Gemitaiz<\/strong> si schiera contro <strong>Matteo&nbsp;<\/strong><strong>Salvini,<\/strong> ma questa volta, al posto di dargli del tonno, lo fa per una causa che ha toccato tutta Italia: la morte di <strong>Stefa<\/strong><\/p>\n<p><!--more--><\/p>\n<p>Nel pomeriggio del 18 novembre 2019, Matteo Salvini \u00e8 stato querelato da Ilaria Cucchi, sorella del compianto Stefano che solamente qualche giorno ha ricevuto giustizia dopo anni di lotte per arrivare alla verit\u00e0 sulla sua morte. Questo il messaggio della donna sui social:<\/p>\n<p><em>&#8220;Il signor Matteo Salvini non pu\u00f2 giocare sul corpo di Stefano Cucchi. Non posso consentirglielo.<\/em><br \/>\n<em>Questo era il suo volto quando io ed i miei genitori lo vedemmo all\u2019obitorio il 22 ottobre del 2009. Questo era quel che rimaneva di Stefano. Dei suoi diritti. Della sua dignit\u00e0 di essere umano.<\/em><br \/>\n<em>Immagino che questo post verr\u00e0 oscurato da Facebook perch\u00e8 idoneo ad urtare la sensibilit\u00e0 di qualcuno mentre, viceversa, non vengono oscurati tutti i commenti ed i post di insulti e minacce e falsit\u00e0 che, molto bene organizzati, sono comparsi sui social dopo la presa di posizione pubblica dell\u2019ex Ministro dell\u2019Interno. Lo devo a mio fratello. Lo devo a mia madre che, pur estremamente sofferente, ha trascorso tutta la giornata del 14 novembre scorso in attesa di una sentenza che ci rendesse giustizia. Lo devo a mio padre la cui fiducia nello Stato ha fatto s\u00ec che compisse il sacrificio pi\u00f9 pesante che si potesse chiedergli: denunciare il proprio figlio, da morto e dopo averlo visto in queste terribili condizioni, per la sostanza stupefacente trovata a casa sua.<\/em><br \/>\n<em>Stefano Cucchi ha sbagliato ed avrebbe dovuto pagare ma non morire in quel modo. Il giorno in cui viene pronunciata la sentenza ha il coraggio di dire quelle parole come se fosse al bar e parlasse ai suoi amici?<\/em><br \/>\n<em>Sono solo una normale cittadina ma non posso fare altro che querelarlo.<\/em><br \/>\n<em>Mi piacerebbe tanto che l\u2019attuale Ministro dell\u2019Interno sostituisse la costituzione di parte civile fatta proprio dal sig. Salvini con la propria. Non sono un avvocato ma forse potrebbe essere possibile.<\/em><br \/>\n<em>Ed ora che i leoni da tastiera si scatenino pure con le loro menzogne sempre pi\u00f9 raffinate e costruite ad arte.<\/em><br \/>\n<em>Io vado avanti&#8221;<\/em><\/p>\n<p>A supportare l&#8217;ennesima battaglia della donna \u00e8 sceso in campo anche Gemitaiz, mostrando tutta la sua solidariet\u00e0 tramite il suo profilo Instagram; l&#8217;artista&nbsp;appoggia appieno le parole di Ilaria, condivide il post nelle sue storie Instagram e aggiunge \u201c<em>Il Signor Matteo Salvini non rappresenta nessuno che abbia un cuore. Forza Ilaria<\/em>\u201c.<\/p>\n","protected":false},"excerpt":{"rendered":"<p>Ancora una volta Gemitaiz si schiera contro Matteo&nbsp;Salvini, ma questa volta, al posto di dargli del tonno, lo fa per una causa che ha toccato tutta Italia: la morte di Stefa<\/p>\n","protected":false},"author":8,"featured_media":53590,"comment_status":"open","ping_status":"open","sticky":false,"template":"","format":"standard","meta":{"ngg_post_thumbnail":0,"footnotes":""},"categories":[26],"tags":[7481,18739,13320],"class_list":["post-53589","post","type-post","status-publish","format-standard","has-post-thumbnail","hentry","category-notizie","tag-gemitaiz","tag-ilaria-cucchi","tag-matteo-salvini"],"aioseo_notices":[],"_links":{"self":[{"href":"https:\/\/www.musictory.it\/news\/wp-json\/wp\/v2\/posts\/53589","targetHints":{"allow":["GET"]}}],"collection":[{"href":"https:\/\/www.musictory.it\/news\/wp-json\/wp\/v2\/posts"}],"about":[{"href":"https:\/\/www.musictory.it\/news\/wp-json\/wp\/v2\/types\/post"}],"author":[{"embeddable":true,"href":"https:\/\/www.musictory.it\/news\/wp-json\/wp\/v2\/users\/8"}],"replies":[{"embeddable":true,"href":"https:\/\/www.musictory.it\/news\/wp-json\/wp\/v2\/comments?post=53589"}],"version-history":[{"count":2,"href":"https:\/\/www.musictory.it\/news\/wp-json\/wp\/v2\/posts\/53589\/revisions"}],"predecessor-version":[{"id":53592,"href":"https:\/\/www.musictory.it\/news\/wp-json\/wp\/v2\/posts\/53589\/revisions\/53592"}],"wp:featuredmedia":[{"embeddable":true,"href":"https:\/\/www.musictory.it\/news\/wp-json\/wp\/v2\/media\/53590"}],"wp:attachment":[{"href":"https:\/\/www.musictory.it\/news\/wp-json\/wp\/v2\/media?parent=53589"}],"wp:term":[{"taxonomy":"category","embeddable":true,"href":"https:\/\/www.musictory.it\/news\/wp-json\/wp\/v2\/categories?post=53589"},{"taxonomy":"post_tag","embeddable":true,"href":"https:\/\/www.musictory.it\/news\/wp-json\/wp\/v2\/tags?post=53589"}],"curies":[{"name":"wp","href":"https:\/\/api.w.org\/{rel}","templated":true}]}}