{"id":50255,"date":"2019-05-30T15:20:12","date_gmt":"2019-05-30T13:20:12","guid":{"rendered":"https:\/\/www.musictory.it\/news\/?p=50255"},"modified":"2019-05-30T15:20:12","modified_gmt":"2019-05-30T13:20:12","slug":"testimonial-per-lo-star-tour-come-fare-per-apparire-nel-video-sul-palco-dei-concerti","status":"publish","type":"post","link":"https:\/\/www.musictory.it\/news\/testimonial-per-lo-star-tour-come-fare-per-apparire-nel-video-sul-palco-dei-concerti-50255\/","title":{"rendered":"Testimonial per lo Star Tour: come fare per apparire nel video sul palco dei concerti"},"content":{"rendered":"<p><img loading=\"lazy\" decoding=\"async\" width=\"600\" height=\"400\" class=\"aligncenter size-large wp-image-37891\" src=\"https:\/\/www.musictory.it\/news\/wp-content\/uploads\/2017\/11\/ligabue-endtour-600x400.jpg\" alt=\"\" srcset=\"https:\/\/www.musictory.it\/news\/wp-content\/uploads\/2017\/11\/ligabue-endtour.jpg 600w, https:\/\/www.musictory.it\/news\/wp-content\/uploads\/2017\/11\/ligabue-endtour-300x200.jpg 300w\" sizes=\"auto, (max-width: 600px) 100vw, 600px\" \/><\/p>\n<p>Lo spettacolo non lo far\u00e0 solo <strong>Luciano Ligabue<\/strong> nel suo prossimo <strong>Start Tour<\/strong> ma lo faranno anche gli spettatori, o almeno coloro che vorranno condividere pubblicamente la propria passione.<\/p>\n<p><!--more--><\/p>\n<p>Un contest divertente che sicuramente avr\u00e0 successo, \u00e8 quello che l\u2019artista assieme al suo staff ha aperto in questi giorni, a circa due settimane dal primo concerto della sua tourn\u00e8e estiva. <strong>Per lo Start tour chi vorr\u00e0 potr\u00e0 apparire sui maxi schermi degli stadi con una propria foto<\/strong>.<\/p>\n<p>Un sogno che per molti diventa realt\u00e0, ma per raggiungere questo obiettivo ci sono alcune cose da fare prima. E\u2019 stato infatti stilato un piccolo regolamento per cui ogni interessato deve farsi una foto che testimoni la propria passione per Ligabue, pubblicarla su Instagram con l\u2019hashtag #<strong>ReadyforLiga<\/strong>, taggare <strong>Vodafone<\/strong> nel posto e incrociare le dita.<\/p>\n<p><strong>Queste le date del tour di Ligabue<\/strong> dove potreste vedere trasmessa la vostra foto:<br \/>\n14 giugno allo STADIO SAN NICOLA di Bari<br \/>\n17 giugno allo STADIO SAN FILIPPO di Messina<br \/>\n21 giugno allo STADIO ADRIATICO di Pescara<br \/>\n25 giugno allo STADIO ARTEMIO FRANCHI di Firenze<br \/>\n28 giugno allo STADIO SAN SIRO di Milano<br \/>\n2 luglio allo STADIO OLIMPICO di Torino<br \/>\n6 luglio allo STADIO DALL\u2019ARA di Bologna<br \/>\n9 luglio allo STADIO EUGANEO di Padova<br \/>\n12 luglio allo STADIO OLIMPICO di Roma<\/p>\n<p>&nbsp;<\/p>\n","protected":false},"excerpt":{"rendered":"<p>Lo spettacolo non lo far\u00e0 solo Luciano Ligabue nel suo prossimo Start Tour ma lo faranno anche gli spettatori, o almeno coloro che vorranno condividere pubblicamente la propria passione.<\/p>\n","protected":false},"author":8,"featured_media":0,"comment_status":"open","ping_status":"open","sticky":false,"template":"","format":"standard","meta":{"ngg_post_thumbnail":0,"footnotes":""},"categories":[26],"tags":[57],"class_list":["post-50255","post","type-post","status-publish","format-standard","hentry","category-notizie","tag-ligabue"],"aioseo_notices":[],"_links":{"self":[{"href":"https:\/\/www.musictory.it\/news\/wp-json\/wp\/v2\/posts\/50255","targetHints":{"allow":["GET"]}}],"collection":[{"href":"https:\/\/www.musictory.it\/news\/wp-json\/wp\/v2\/posts"}],"about":[{"href":"https:\/\/www.musictory.it\/news\/wp-json\/wp\/v2\/types\/post"}],"author":[{"embeddable":true,"href":"https:\/\/www.musictory.it\/news\/wp-json\/wp\/v2\/users\/8"}],"replies":[{"embeddable":true,"href":"https:\/\/www.musictory.it\/news\/wp-json\/wp\/v2\/comments?post=50255"}],"version-history":[{"count":1,"href":"https:\/\/www.musictory.it\/news\/wp-json\/wp\/v2\/posts\/50255\/revisions"}],"predecessor-version":[{"id":50256,"href":"https:\/\/www.musictory.it\/news\/wp-json\/wp\/v2\/posts\/50255\/revisions\/50256"}],"wp:attachment":[{"href":"https:\/\/www.musictory.it\/news\/wp-json\/wp\/v2\/media?parent=50255"}],"wp:term":[{"taxonomy":"category","embeddable":true,"href":"https:\/\/www.musictory.it\/news\/wp-json\/wp\/v2\/categories?post=50255"},{"taxonomy":"post_tag","embeddable":true,"href":"https:\/\/www.musictory.it\/news\/wp-json\/wp\/v2\/tags?post=50255"}],"curies":[{"name":"wp","href":"https:\/\/api.w.org\/{rel}","templated":true}]}}