{"id":49132,"date":"2019-03-27T10:32:52","date_gmt":"2019-03-27T09:32:52","guid":{"rendered":"http:\/\/www.musictory.it\/news\/?p=49132"},"modified":"2019-03-27T10:32:52","modified_gmt":"2019-03-27T09:32:52","slug":"fiorella-mannoia-dice-addio-al-movimento-5-stelle-arrabbiata-per-averli-sostenuti","status":"publish","type":"post","link":"https:\/\/www.musictory.it\/news\/fiorella-mannoia-dice-addio-al-movimento-5-stelle-arrabbiata-per-averli-sostenuti-49132\/","title":{"rendered":"Fiorella Mannoia dice addio al Movimento 5 Stelle \u201cArrabbiata per averli sostenuti\u201d"},"content":{"rendered":"<p><img loading=\"lazy\" decoding=\"async\" width=\"600\" height=\"400\" class=\"aligncenter size-large wp-image-34455\" src=\"https:\/\/www.musictory.it\/news\/wp-content\/uploads\/2017\/05\/mannoia-600x400.jpg\" alt=\"\" srcset=\"https:\/\/www.musictory.it\/news\/wp-content\/uploads\/2017\/05\/mannoia.jpg 600w, https:\/\/www.musictory.it\/news\/wp-content\/uploads\/2017\/05\/mannoia-300x200.jpg 300w\" sizes=\"auto, (max-width: 600px) 100vw, 600px\" \/><\/p>\n<p>Il <strong>Movimento 5 stelle<\/strong> perde \u201cfan\u201d: tanti addii importanti arrivano in questi giorni nei confronti del partito che, assieme alla <strong>Lega<\/strong>, sta governando l\u2019Italia.<\/p>\n<p><!--more--><\/p>\n<p>Gli ultimi ad abbandonare il partito sono alcuni personaggi noti del mondo dello spettacolo, dall\u2019attrice Sabrina Ferilli a Claudio Santamaria fino a <strong>Fiorella Mannoia<\/strong>, la cantante che da sempre li aveva appoggiati.<\/p>\n<p>E\u2019 proprio quest\u2019ultima che sfoga la sua rabbia e il disappunto verso il governo e le scelte portate avanti dal rappresentate <strong>Luigi Di Maio<\/strong>.<\/p>\n<p><em>\u201cIo <\/em>&#8211; dice la cantante durante la presentazione del suo ultimo album <strong>Personale<\/strong> &#8211; <em>non mi pento mai di quello che faccio. Ci si pu\u00f2 anche sbagliare ma pentirsi mai perch\u00e9 non c&#8217;\u00e8 mai pentimento nella speranza&#8221;.<\/em><\/p>\n<p><em>&#8220;Dire che sono contenta, certamente no \u2013 <\/em>precisa <em>&#8211; Sono pi\u00f9 arrabbiata che pentita. Io mi sono sempre esposta e non c&#8217;\u00e8 alcun pentimento nell&#8217;esporsi. Io non ce la faccio proprio a tenere la bocca chiusa se c&#8217;\u00e8 qualcosa che non mi va. Anche perch\u00e9 prima di essere una cantante sono una cittadina come tutti&#8221;.<\/em><\/p>\n","protected":false},"excerpt":{"rendered":"<p>Il Movimento 5 stelle perde \u201cfan\u201d: tanti addii importanti arrivano in questi giorni nei confronti del partito che, assieme alla Lega, sta governando l\u2019Italia.<\/p>\n","protected":false},"author":8,"featured_media":0,"comment_status":"open","ping_status":"open","sticky":false,"template":"","format":"standard","meta":{"ngg_post_thumbnail":0,"footnotes":""},"categories":[16840],"tags":[1275,5673],"class_list":["post-49132","post","type-post","status-publish","format-standard","hentry","category-interviste","tag-fiorella-mannoia","tag-movimento-5-stelle"],"aioseo_notices":[],"_links":{"self":[{"href":"https:\/\/www.musictory.it\/news\/wp-json\/wp\/v2\/posts\/49132","targetHints":{"allow":["GET"]}}],"collection":[{"href":"https:\/\/www.musictory.it\/news\/wp-json\/wp\/v2\/posts"}],"about":[{"href":"https:\/\/www.musictory.it\/news\/wp-json\/wp\/v2\/types\/post"}],"author":[{"embeddable":true,"href":"https:\/\/www.musictory.it\/news\/wp-json\/wp\/v2\/users\/8"}],"replies":[{"embeddable":true,"href":"https:\/\/www.musictory.it\/news\/wp-json\/wp\/v2\/comments?post=49132"}],"version-history":[{"count":1,"href":"https:\/\/www.musictory.it\/news\/wp-json\/wp\/v2\/posts\/49132\/revisions"}],"predecessor-version":[{"id":49133,"href":"https:\/\/www.musictory.it\/news\/wp-json\/wp\/v2\/posts\/49132\/revisions\/49133"}],"wp:attachment":[{"href":"https:\/\/www.musictory.it\/news\/wp-json\/wp\/v2\/media?parent=49132"}],"wp:term":[{"taxonomy":"category","embeddable":true,"href":"https:\/\/www.musictory.it\/news\/wp-json\/wp\/v2\/categories?post=49132"},{"taxonomy":"post_tag","embeddable":true,"href":"https:\/\/www.musictory.it\/news\/wp-json\/wp\/v2\/tags?post=49132"}],"curies":[{"name":"wp","href":"https:\/\/api.w.org\/{rel}","templated":true}]}}