{"id":46989,"date":"2018-11-30T11:15:29","date_gmt":"2018-11-30T10:15:29","guid":{"rendered":"http:\/\/www.musictory.it\/news\/?p=46989"},"modified":"2018-11-30T11:15:29","modified_gmt":"2018-11-30T10:15:29","slug":"capodanno-a-rimini-con-nek","status":"publish","type":"post","link":"https:\/\/www.musictory.it\/news\/capodanno-a-rimini-con-nek-46989\/","title":{"rendered":"Capodanno a Rimini con Nek"},"content":{"rendered":"<p><img loading=\"lazy\" decoding=\"async\" width=\"600\" height=\"400\" class=\"aligncenter size-large wp-image-30852\" src=\"https:\/\/www.musictory.it\/news\/wp-content\/uploads\/2016\/10\/nek-600x400.jpg\" alt=\"\" srcset=\"https:\/\/www.musictory.it\/news\/wp-content\/uploads\/2016\/10\/nek.jpg 600w, https:\/\/www.musictory.it\/news\/wp-content\/uploads\/2016\/10\/nek-300x200.jpg 300w\" sizes=\"auto, (max-width: 600px) 100vw, 600px\" \/><\/p>\n<p>La note di San Silvestro di <strong>Rimini<\/strong> avr\u00e0 tutta la musica di <strong>Filippo Neviani<\/strong>, in arte <strong>Nek<\/strong>, che con i presenti in piazza festegger\u00e0 la fine del 2018 e l\u2019inizio del 2019.<\/p>\n<p><!--more--><\/p>\n<p><em>&#8220;Sono felice di poter passare la fine dell&#8217;anno nella mia Regione e sar\u00e0 ancora pi\u00f9 bello farlo sul palco di Rimini. Ci vediamo l\u00ec&#8221;<\/em>, ha scritto Nek sul suo profilo Instagram annunciando la sua presenza per il 31 dicembre nella citt\u00e0 romagnola, che vede quest\u2019anno una nuova edizione del <strong>Capodanno pi\u00f9 lungo del mondo<\/strong>.<\/p>\n<p>&nbsp;<\/p>\n<blockquote class=\"instagram-media\" style=\"background: #FFF; border: 0; border-radius: 3px; box-shadow: 0 0 1px 0 rgba(0,0,0,0.5),0 1px 10px 0 rgba(0,0,0,0.15); margin: 1px; max-width: 540px; min-width: 326px; padding: 0; width: calc(100% - 2px);\" data-instgrm-captioned=\"\" data-instgrm-permalink=\"https:\/\/www.instagram.com\/p\/BqwmK2Wn3RA\/?utm_source=ig_embed&amp;utm_medium=loading\" data-instgrm-version=\"12\">\n<div style=\"padding: 16px;\">\n<p>&nbsp;<\/p>\n<div style=\"display: flex; flex-direction: row; align-items: center;\">\n<div style=\"background-color: #f4f4f4; border-radius: 50%; flex-grow: 0; height: 40px; margin-right: 14px; width: 40px;\">&nbsp;<\/div>\n<div style=\"display: flex; flex-direction: column; flex-grow: 1; justify-content: center;\">\n<div style=\"background-color: #f4f4f4; border-radius: 4px; flex-grow: 0; height: 14px; margin-bottom: 6px; width: 100px;\">&nbsp;<\/div>\n<div style=\"background-color: #f4f4f4; border-radius: 4px; flex-grow: 0; height: 14px; width: 60px;\">&nbsp;<\/div>\n<\/div>\n<\/div>\n<div style=\"padding: 19% 0;\">&nbsp;<\/div>\n<div style=\"display: block; height: 50px; margin: 0 auto 12px; width: 50px;\">&nbsp;<\/div>\n<div style=\"padding-top: 8px;\">\n<div style=\"color: #3897f0; font-family: Arial,sans-serif; font-size: 14px; font-style: normal; font-weight: 550; line-height: 18px;\">View this post on Instagram<\/div>\n<\/div>\n<div style=\"padding: 12.5% 0;\">&nbsp;<\/div>\n<div style=\"display: flex; flex-direction: row; margin-bottom: 14px; align-items: center;\">\n<div>\n<div style=\"background-color: #f4f4f4; border-radius: 50%; height: 12.5px; width: 12.5px; transform: translateX(0px) translateY(7px);\">&nbsp;<\/div>\n<div style=\"background-color: #f4f4f4; height: 12.5px; transform: rotate(-45deg) translateX(3px) translateY(1px); width: 12.5px; flex-grow: 0; margin-right: 14px; margin-left: 2px;\">&nbsp;<\/div>\n<div style=\"background-color: #f4f4f4; border-radius: 50%; height: 12.5px; width: 12.5px; transform: translateX(9px) translateY(-18px);\">&nbsp;<\/div>\n<\/div>\n<div style=\"margin-left: 8px;\">\n<div style=\"background-color: #f4f4f4; border-radius: 50%; flex-grow: 0; height: 20px; width: 20px;\">&nbsp;<\/div>\n<div style=\"width: 0; height: 0; border-top: 2px solid transparent; border-left: 6px solid #f4f4f4; border-bottom: 2px solid transparent; transform: translateX(16px) translateY(-4px) rotate(30deg);\">&nbsp;<\/div>\n<\/div>\n<div style=\"margin-left: auto;\">\n<div style=\"width: 0px; border-top: 8px solid #F4F4F4; border-right: 8px solid transparent; transform: translateY(16px);\">&nbsp;<\/div>\n<div style=\"background-color: #f4f4f4; flex-grow: 0; height: 12px; width: 16px; transform: translateY(-4px);\">&nbsp;<\/div>\n<div style=\"width: 0; height: 0; border-top: 8px solid #F4F4F4; border-left: 8px solid transparent; transform: translateY(-4px) translateX(8px);\">&nbsp;<\/div>\n<\/div>\n<\/div>\n<p>&nbsp;<\/p>\n<p style=\"margin: 8px 0 0 0; padding: 0 4px;\"><a style=\"color: #000; font-family: Arial,sans-serif; font-size: 14px; font-style: normal; font-weight: normal; line-height: 17px; text-decoration: none; word-wrap: break-word;\" href=\"https:\/\/www.instagram.com\/p\/BqwmK2Wn3RA\/?utm_source=ig_embed&amp;utm_medium=loading\" target=\"_blank\" rel=\"noopener\">Suonare a Capodanno \u00e8 sempre una grande festa. Sono felice di poter passare la fine dell\u2019anno nella mia Regione e sar\u00e0 ancora pi\u00f9 bello farlo sul palco di Rimini. Ci vediamo l\u00ec #Capodanno2019 #Rimini #PiazzaleFellini &#x1f4f8; @cristianozabeo<\/a><\/p>\n<p style=\"color: #c9c8cd; font-family: Arial,sans-serif; font-size: 14px; line-height: 17px; margin-bottom: 0; margin-top: 8px; overflow: hidden; padding: 8px 0 7px; text-align: center; text-overflow: ellipsis; white-space: nowrap;\">A post shared by <a style=\"color: #c9c8cd; font-family: Arial,sans-serif; font-size: 14px; font-style: normal; font-weight: normal; line-height: 17px;\" href=\"https:\/\/www.instagram.com\/nekfilipponeviani\/?utm_source=ig_embed&amp;utm_medium=loading\" target=\"_blank\" rel=\"noopener\"> Nek Filippo Neviani<\/a> (@nekfilipponeviani) on <time style=\"font-family: Arial,sans-serif; font-size: 14px; line-height: 17px;\" datetime=\"2018-11-29T09:31:52+00:00\">Nov 29, 2018 at 1:31am PST<\/time><\/p>\n<\/div>\n<\/blockquote>\n<p><script async=\"\" src=\"\/\/www.instagram.com\/embed.js\"><\/script><\/p>\n<p><em>\u201c<\/em><em>Ogni angolo della citt\u00e0 si trasforma in un palcoscenico a cielo aperto per un mese di musica, arte, spettacoli, iniziative natalizie e grandi concerti. Lo spettacolo delle luminarie, le mostre, i mercatini natalizi, i presepi tradizionali e quelli di sabbia accendono l\u2019atmosfera delle festivit\u00e0 pi\u00f9 attese facendo risplendere l\u2019intera citt\u00e0 di una luce nuova e accogliente. Momento clou, come da tradizione, il 31 dicembre con tanti Capodanni \u201cdiffusi\u2019\u201d, a partire dal grande concerto di piazzale Fellini, a pochi passi dal mare d\u2019inverno, per proseguire con i tanti capodanni del centro storico<\/em>\u201d scrive il commune in merito a questo grande evento.<\/p>\n<p>Questo evento racchiude oltre 150 appuntamenti musicali nella citt\u00e0 emiliana, in programma da sabato 1 dicembre fino al giorno dell\u2019Epifania, con grande chiusura il 7 gennaio. In calendario ci sono anche appuntamenti con i&nbsp;<strong>Thegiornalisti e tanti altri artisti della musica italiana.<\/strong><\/p>\n<p>Il cantante di Sassuolo sar\u00e0 il protagonista della note pi\u00f9 magica dell\u2019anno, per la quale porter\u00e0 sul palco i suoi pi\u00f9 grandi successi, da <em>Laura non C\u2019\u00e8<\/em>, ai brani del suo ultimo album <strong>Unici<\/strong> fino alle canzoni pi\u00f9 significative dei suoi 15 dischi pubblicati.<\/p>\n<p>La serata del 31 dicembre sar\u00e0 diretta da <strong>Roberta Lanfranchi<\/strong>,&nbsp;voce di radio&nbsp;RDS e vedr\u00e0 la presenza sul palco anche <strong>Nina Zilli<\/strong> e <strong>Daniele Silvestri<\/strong>. Allo scoccare della mezzanotte, il grande spettacolo di<strong>&nbsp;fuochi d\u2019artificio&nbsp;<\/strong>alle spalle del palco&nbsp;di piazzale Fellini, fra il mare d\u2019inverno e il Grand Hotel caro a Federico Fellini.<\/p>\n","protected":false},"excerpt":{"rendered":"<p>La note di San Silvestro di Rimini avr\u00e0 tutta la musica di Filippo Neviani, in arte Nek, che con i presenti in piazza festegger\u00e0 la fine del 2018 e l\u2019inizio del 2019.<\/p>\n","protected":false},"author":8,"featured_media":0,"comment_status":"open","ping_status":"open","sticky":false,"template":"","format":"standard","meta":{"ngg_post_thumbnail":0,"footnotes":""},"categories":[6788],"tags":[12257,276,989,18503],"class_list":["post-46989","post","type-post","status-publish","format-standard","hentry","category-concerti-2","tag-capodanno","tag-concerto","tag-nek","tag-rimin"],"aioseo_notices":[],"_links":{"self":[{"href":"https:\/\/www.musictory.it\/news\/wp-json\/wp\/v2\/posts\/46989","targetHints":{"allow":["GET"]}}],"collection":[{"href":"https:\/\/www.musictory.it\/news\/wp-json\/wp\/v2\/posts"}],"about":[{"href":"https:\/\/www.musictory.it\/news\/wp-json\/wp\/v2\/types\/post"}],"author":[{"embeddable":true,"href":"https:\/\/www.musictory.it\/news\/wp-json\/wp\/v2\/users\/8"}],"replies":[{"embeddable":true,"href":"https:\/\/www.musictory.it\/news\/wp-json\/wp\/v2\/comments?post=46989"}],"version-history":[{"count":1,"href":"https:\/\/www.musictory.it\/news\/wp-json\/wp\/v2\/posts\/46989\/revisions"}],"predecessor-version":[{"id":46990,"href":"https:\/\/www.musictory.it\/news\/wp-json\/wp\/v2\/posts\/46989\/revisions\/46990"}],"wp:attachment":[{"href":"https:\/\/www.musictory.it\/news\/wp-json\/wp\/v2\/media?parent=46989"}],"wp:term":[{"taxonomy":"category","embeddable":true,"href":"https:\/\/www.musictory.it\/news\/wp-json\/wp\/v2\/categories?post=46989"},{"taxonomy":"post_tag","embeddable":true,"href":"https:\/\/www.musictory.it\/news\/wp-json\/wp\/v2\/tags?post=46989"}],"curies":[{"name":"wp","href":"https:\/\/api.w.org\/{rel}","templated":true}]}}