{"id":39105,"date":"2018-01-03T17:19:19","date_gmt":"2018-01-03T16:19:19","guid":{"rendered":"http:\/\/www.musictory.it\/news\/?p=39105"},"modified":"2018-01-03T17:20:46","modified_gmt":"2018-01-03T16:20:46","slug":"damiano-dei-maneskin-la-scuola-inutile-io-preferisco-la-musica","status":"publish","type":"post","link":"https:\/\/www.musictory.it\/news\/damiano-dei-maneskin-la-scuola-inutile-io-preferisco-la-musica-39105\/","title":{"rendered":"Damiano dei Maneskin \u201cLa scuola? Inutile, io preferisco la musica\u201d"},"content":{"rendered":"<p><img loading=\"lazy\" decoding=\"async\" width=\"600\" height=\"400\" class=\"aligncenter size-large wp-image-39106\" src=\"https:\/\/www.musictory.it\/news\/wp-content\/uploads\/2018\/01\/damiano-maneskin-600x400.jpg\" alt=\"\" srcset=\"https:\/\/www.musictory.it\/news\/wp-content\/uploads\/2018\/01\/damiano-maneskin.jpg 600w, https:\/\/www.musictory.it\/news\/wp-content\/uploads\/2018\/01\/damiano-maneskin-300x200.jpg 300w\" sizes=\"auto, (max-width: 600px) 100vw, 600px\" \/><\/p>\n<p class=\"p1\">Il successo raggiunto in televisione grazie alla partecipazione a <b>X Factor<\/b> con la band dei <b>Maneskin<\/b> \u00e8 innegabile, ma ecco chi \u00e8 veramente il leader della band <b>Damiano David<\/b>.<\/p>\n<p><!--more--><\/p>\n<p class=\"p2\"><span class=\"s1\">Il giovane aspirante cantante \u00e8 stato intervistato dai quotidiano <i>Il messaggero<\/i> e <i>Il Corriere della Sera<\/i>, ai quali ha dichiarato apertamente e senza ripensamenti i suoi pensieri sulla musica e sull\u2019istruzione. <\/span><span class=\"s2\">I <strong>Maneskin,<\/strong> con il singolo <em>Chosen,<\/em> sono arrivati al disco di platino e i concerti programmati da febbraio sono gi\u00e0 sold out. Un momento questo di grande successo per la band, ma per il giovane 18enne tutta questa fama non sembra essere positiva.<\/span><\/p>\n<p class=\"p3\"><span class=\"s3\"><strong>Damiano ha rivelato che per lui la scuola non serve a nulla<\/strong>; reduce gi\u00e0 da due bocciature presso il liceo linguistico di Roma, si prepara ad attendere la terza e promette che non torner\u00e0 pi\u00f9 sui banchi di scuola \u201c<i>Sono stato bocciato due volte al Liceo Linguistico Montale di Roma. Visto che ho fatto X Factor e che sono in giro, scatter\u00e0 automaticamente la terza bocciatura. Ma non torner\u00f2 tra i banchi e lo dico con senso di grandissima rivincita. Per anni mi sono sentito dire che non dovevo pensare alla musica e che dovevo impegnarmi a fare qualcosa di serio e responsabile<\/i>\u201d.<\/span><\/p>\n<p class=\"p3\"><span class=\"s3\">Parole queste che fanno molto discutere e che avranno probabilmente conseguenze negative sul gruppo, nonostante la loro musica inizi a piacere molto agli italiani. <\/span><\/p>\n<p class=\"p3\"><span class=\"s3\">Il suo ritorno a scuola \u00e8 escluso, o almeno per quanto riguarda gli studi e il rendimento scolastico \u201c<i>A scuola ci torner\u00f2 per fare il figo. In teoria, ma molto in teoria, avrei dovuto finirla. Mi hanno steccato alla grande due volte, e con X Factor \u00e8 arrivata la terza. Ho vissuto la scuola molto male. Sentirmi dire quello che dovevo fare e non poter esprimere la mia intelligenza \u00e8 stato brutto. Se non sei scolasticamente intelligente non vuol dire che non lo sei del tutto, ci sono altri modi per far vedere che cosa si pu\u00f2 diventare.&nbsp;Avevo dei compagni con i supervoti, poi uscivano in strada e si perdevano, avevano bisogno magari della madre. Io invece ho fatto sempre il contrario rispetto a loro. A un certo punto andare male a scuola era una cosa voluta, mi stava strettissimo rimanere seduto sei ore ad ascoltare uno che raccontava cose. Io volevo saltare sulla cattedra e spaccare tutto<\/i>\u201d.<\/span><\/p>\n<p class=\"p3\"><strong><span class=\"s3\">I suoi pensieri di oggi, oltre che alla sua band con cui ha appena iniziato un nuovo ricco percorso musicale, sono solo per la musica, i look e l\u2019abbigliamento ricercato. <\/span><\/strong><\/p>\n","protected":false},"excerpt":{"rendered":"<p>Il successo raggiunto in televisione grazie alla partecipazione a X Factor con la band dei Maneskin \u00e8 innegabile, ma ecco chi \u00e8 veramente il leader della band Damiano David.<\/p>\n","protected":false},"author":8,"featured_media":39106,"comment_status":"open","ping_status":"open","sticky":false,"template":"","format":"standard","meta":{"ngg_post_thumbnail":0,"footnotes":""},"categories":[16840],"tags":[17633,357,17605,10801,16862],"class_list":["post-39105","post","type-post","status-publish","format-standard","has-post-thumbnail","hentry","category-interviste","tag-damiano-david","tag-intervista","tag-maneskin","tag-musica","tag-scuola"],"aioseo_notices":[],"_links":{"self":[{"href":"https:\/\/www.musictory.it\/news\/wp-json\/wp\/v2\/posts\/39105","targetHints":{"allow":["GET"]}}],"collection":[{"href":"https:\/\/www.musictory.it\/news\/wp-json\/wp\/v2\/posts"}],"about":[{"href":"https:\/\/www.musictory.it\/news\/wp-json\/wp\/v2\/types\/post"}],"author":[{"embeddable":true,"href":"https:\/\/www.musictory.it\/news\/wp-json\/wp\/v2\/users\/8"}],"replies":[{"embeddable":true,"href":"https:\/\/www.musictory.it\/news\/wp-json\/wp\/v2\/comments?post=39105"}],"version-history":[{"count":3,"href":"https:\/\/www.musictory.it\/news\/wp-json\/wp\/v2\/posts\/39105\/revisions"}],"predecessor-version":[{"id":39109,"href":"https:\/\/www.musictory.it\/news\/wp-json\/wp\/v2\/posts\/39105\/revisions\/39109"}],"wp:featuredmedia":[{"embeddable":true,"href":"https:\/\/www.musictory.it\/news\/wp-json\/wp\/v2\/media\/39106"}],"wp:attachment":[{"href":"https:\/\/www.musictory.it\/news\/wp-json\/wp\/v2\/media?parent=39105"}],"wp:term":[{"taxonomy":"category","embeddable":true,"href":"https:\/\/www.musictory.it\/news\/wp-json\/wp\/v2\/categories?post=39105"},{"taxonomy":"post_tag","embeddable":true,"href":"https:\/\/www.musictory.it\/news\/wp-json\/wp\/v2\/tags?post=39105"}],"curies":[{"name":"wp","href":"https:\/\/api.w.org\/{rel}","templated":true}]}}