{"id":38969,"date":"2017-12-29T10:10:58","date_gmt":"2017-12-29T09:10:58","guid":{"rendered":"http:\/\/www.musictory.it\/news\/?p=38969"},"modified":"2017-12-29T10:10:58","modified_gmt":"2017-12-29T09:10:58","slug":"26-milioni-di-italiani-seguono-vasco-rossi","status":"publish","type":"post","link":"https:\/\/www.musictory.it\/news\/26-milioni-di-italiani-seguono-vasco-rossi-38969\/","title":{"rendered":"2,6 milioni di Italiani seguono Vasco Rossi"},"content":{"rendered":"<p><img loading=\"lazy\" decoding=\"async\" width=\"600\" height=\"400\" class=\"aligncenter size-large wp-image-35330\" src=\"https:\/\/www.musictory.it\/news\/wp-content\/uploads\/2017\/07\/vascorossimodenapark-600x400.jpg\" alt=\"\" srcset=\"https:\/\/www.musictory.it\/news\/wp-content\/uploads\/2017\/07\/vascorossimodenapark.jpg 600w, https:\/\/www.musictory.it\/news\/wp-content\/uploads\/2017\/07\/vascorossimodenapark-300x200.jpg 300w\" sizes=\"auto, (max-width: 600px) 100vw, 600px\" \/><\/p>\n<p class=\"p2\"><span class=\"s2\">Grande successo per <\/span><span class=\"s1\"><b>Rai1<\/b> ieri sera, gioved\u00ec 28 dicembre, su <b>Rai1<\/b>: lo speciale dedicato al concerto-evento dell\u2019anno ha incollato davanti al piccolo schermo tantissimi italiani che non si sono persi nemmeno una canzone.<\/span><\/p>\n<p><!--more--><\/p>\n<p class=\"p2\"><span class=\"s1\"><b>Vasco Rossi<\/b> era il protagonista della prima serata di Rai1 con il concerto di Modena Park dal titolo <b>La Notte di Vasco<\/b>. Realizzato per ricordare uno degli eventi pi\u00f9 importanti di quest\u2019anno ormai al termine e dedicato a tutti coloro che non sono riusciti ad acquistare uno dei 230mila biglietti venduti, lo speciale \u00e8 stata tra i pi\u00f9 programmi pi\u00f9 seguiti della tv.<\/span><\/p>\n<p class=\"p3\"><span class=\"s3\">I dati pubblicati da <b>Auditel<\/b> parlano di <\/span><span class=\"s1\">2.637.000 spettatori, pari al 12.3% di share. Un grande risultato per il Komandante, un altro successo che si aggiunge ai gi\u00e0 precedenti di questo importante capitolo della sua carriera.<\/span><\/p>\n","protected":false},"excerpt":{"rendered":"<p>Grande successo per Rai1 ieri sera, gioved\u00ec 28 dicembre, su Rai1: lo speciale dedicato al concerto-evento dell\u2019anno ha incollato davanti al piccolo schermo tantissimi italiani che non si sono persi nemmeno una canzone.<\/p>\n","protected":false},"author":8,"featured_media":0,"comment_status":"open","ping_status":"open","sticky":false,"template":"","format":"standard","meta":{"ngg_post_thumbnail":0,"footnotes":""},"categories":[291],"tags":[17414,17085,16475,15332,99],"class_list":["post-38969","post","type-post","status-publish","format-standard","hentry","category-programmi-televisivi","tag-autidel","tag-la-notte-di-vasco","tag-modena-park","tag-programmi-tv","tag-vasco-rossi"],"aioseo_notices":[],"_links":{"self":[{"href":"https:\/\/www.musictory.it\/news\/wp-json\/wp\/v2\/posts\/38969","targetHints":{"allow":["GET"]}}],"collection":[{"href":"https:\/\/www.musictory.it\/news\/wp-json\/wp\/v2\/posts"}],"about":[{"href":"https:\/\/www.musictory.it\/news\/wp-json\/wp\/v2\/types\/post"}],"author":[{"embeddable":true,"href":"https:\/\/www.musictory.it\/news\/wp-json\/wp\/v2\/users\/8"}],"replies":[{"embeddable":true,"href":"https:\/\/www.musictory.it\/news\/wp-json\/wp\/v2\/comments?post=38969"}],"version-history":[{"count":1,"href":"https:\/\/www.musictory.it\/news\/wp-json\/wp\/v2\/posts\/38969\/revisions"}],"predecessor-version":[{"id":38970,"href":"https:\/\/www.musictory.it\/news\/wp-json\/wp\/v2\/posts\/38969\/revisions\/38970"}],"wp:attachment":[{"href":"https:\/\/www.musictory.it\/news\/wp-json\/wp\/v2\/media?parent=38969"}],"wp:term":[{"taxonomy":"category","embeddable":true,"href":"https:\/\/www.musictory.it\/news\/wp-json\/wp\/v2\/categories?post=38969"},{"taxonomy":"post_tag","embeddable":true,"href":"https:\/\/www.musictory.it\/news\/wp-json\/wp\/v2\/tags?post=38969"}],"curies":[{"name":"wp","href":"https:\/\/api.w.org\/{rel}","templated":true}]}}