{"id":38815,"date":"2017-12-13T09:50:42","date_gmt":"2017-12-13T08:50:42","guid":{"rendered":"http:\/\/www.musictory.it\/news\/?p=38815"},"modified":"2017-12-13T09:51:31","modified_gmt":"2017-12-13T08:51:31","slug":"il-centro-per-le-ragazze-vittime-di-abusi-aperto-da-steven-tyler","status":"publish","type":"post","link":"https:\/\/www.musictory.it\/news\/il-centro-per-le-ragazze-vittime-di-abusi-aperto-da-steven-tyler-38815\/","title":{"rendered":"Il centro per le ragazze vittime di abusi aperto da Steven Tyler"},"content":{"rendered":"<p><img loading=\"lazy\" decoding=\"async\" width=\"448\" height=\"299\" class=\"aligncenter size-full wp-image-8757\" src=\"https:\/\/www.musictory.it\/news\/wp-content\/uploads\/2013\/03\/steven-tyler.jpg\" alt=\"\" srcset=\"https:\/\/www.musictory.it\/news\/wp-content\/uploads\/2013\/03\/steven-tyler.jpg 448w, https:\/\/www.musictory.it\/news\/wp-content\/uploads\/2013\/03\/steven-tyler-300x200.jpg 300w\" sizes=\"auto, (max-width: 448px) 100vw, 448px\" \/><\/p>\n<p class=\"p1\"><span class=\"s1\">Il leader della band degli <b>Aerosmith<\/b> \u00e8 da sempre molto impegnato nel sociale, nella battaglia in difesa delle donne vittime di abusi. Negli ultimi giorni l\u2019artista ha inaugurato una struttura dedicata a questo.<\/span><\/p>\n<p><!--more--><\/p>\n<p class=\"p1\"><span class=\"s1\"><b>Janie\u2019s Home<\/b> \u00e8 il nuovo centro di accoglienza per ragazze vittime di abusi, aperto da <b>Steve Tyler<\/b>; il nome del centro prende spunto da <\/span><span class=\"s2\"><i>Janie\u2019s Got a Gun<\/i>, brano degli&nbsp;<b>Aerosmith<\/b>&nbsp;del 1989 che narra di tragedie legate ad abusi e violenze su minori.<\/span><\/p>\n<p class=\"p2\"><span class=\"s1\">Durante l\u2019inaugurazione della struttura, che conta oggi 30 posti letto, l\u2019artista ha spiegato<i> \u201c\u00c8 qualcosa a cui ho pensato dai tempi della canzone. Questo posto \u00e8 per me la realizzazione di un sogno\u201d<\/i>. Questo centro \u00e8 un tassello in pi\u00f9 che si aggiunge alla <b>Janie\u2019s Fund<\/b>, l\u2019associazione creata da lui nel 2015.<\/span><\/p>\n<p class=\"p2\"><span class=\"s1\">L\u2019obiettivo di questa struttura \u00e8 offrire rifugio e sostegno psicologico a tutte le donne che si trovano in difficolt\u00e0 <i>&#8220;\u00c8 un rifugio sicuro e pi\u00f9 di ogni altra cosa, d\u00e0 loro una voce. Questo \u00e8 ci\u00f2 che vogliamo. All\u2019interno di Janie\u2019s House spero che ottengano parole di conforto e suggerimenti per poter meglio elaborare, nel limite del possibile, quanto accaduto\u201d<\/i>.<\/span><\/p>\n","protected":false},"excerpt":{"rendered":"<p>Il leader della band degli Aerosmith \u00e8 da sempre molto impegnato nel sociale, nella battaglia in difesa delle donne vittime di abusi. Negli ultimi giorni l\u2019artista ha inaugurato una struttura dedicata a questo.<\/p>\n","protected":false},"author":8,"featured_media":0,"comment_status":"open","ping_status":"open","sticky":false,"template":"","format":"standard","meta":{"ngg_post_thumbnail":0,"footnotes":""},"categories":[26],"tags":[16795,409,14446,1993],"class_list":["post-38815","post","type-post","status-publish","format-standard","hentry","category-notizie","tag-abuso","tag-aerosmith","tag-centro","tag-steven-tyler"],"aioseo_notices":[],"_links":{"self":[{"href":"https:\/\/www.musictory.it\/news\/wp-json\/wp\/v2\/posts\/38815","targetHints":{"allow":["GET"]}}],"collection":[{"href":"https:\/\/www.musictory.it\/news\/wp-json\/wp\/v2\/posts"}],"about":[{"href":"https:\/\/www.musictory.it\/news\/wp-json\/wp\/v2\/types\/post"}],"author":[{"embeddable":true,"href":"https:\/\/www.musictory.it\/news\/wp-json\/wp\/v2\/users\/8"}],"replies":[{"embeddable":true,"href":"https:\/\/www.musictory.it\/news\/wp-json\/wp\/v2\/comments?post=38815"}],"version-history":[{"count":2,"href":"https:\/\/www.musictory.it\/news\/wp-json\/wp\/v2\/posts\/38815\/revisions"}],"predecessor-version":[{"id":38817,"href":"https:\/\/www.musictory.it\/news\/wp-json\/wp\/v2\/posts\/38815\/revisions\/38817"}],"wp:attachment":[{"href":"https:\/\/www.musictory.it\/news\/wp-json\/wp\/v2\/media?parent=38815"}],"wp:term":[{"taxonomy":"category","embeddable":true,"href":"https:\/\/www.musictory.it\/news\/wp-json\/wp\/v2\/categories?post=38815"},{"taxonomy":"post_tag","embeddable":true,"href":"https:\/\/www.musictory.it\/news\/wp-json\/wp\/v2\/tags?post=38815"}],"curies":[{"name":"wp","href":"https:\/\/api.w.org\/{rel}","templated":true}]}}