{"id":34580,"date":"2017-05-30T14:27:47","date_gmt":"2017-05-30T12:27:47","guid":{"rendered":"http:\/\/www.musictory.it\/news\/?p=34580"},"modified":"2017-05-30T14:27:47","modified_gmt":"2017-05-30T12:27:47","slug":"il-ritorno-di-cristina-davena-con-il-brano-lestate-migliore-che-ce","status":"publish","type":"post","link":"https:\/\/www.musictory.it\/news\/il-ritorno-di-cristina-davena-con-il-brano-lestate-migliore-che-ce-34580\/","title":{"rendered":"Il ritorno di Cristina D\u2019Avena con il brano &#8220;L&#8217;estate migliore che c&#8217;\u00e8&#8221;"},"content":{"rendered":"<p class=\"p1\"><img loading=\"lazy\" decoding=\"async\" width=\"575\" height=\"375\" class=\"aligncenter size-full wp-image-2311\" src=\"https:\/\/www.musictory.it\/news\/wp-content\/uploads\/2012\/04\/cristinadavena.jpg\" alt=\"\" srcset=\"https:\/\/www.musictory.it\/news\/wp-content\/uploads\/2012\/04\/cristinadavena.jpg 575w, https:\/\/www.musictory.it\/news\/wp-content\/uploads\/2012\/04\/cristinadavena-300x195.jpg 300w\" sizes=\"auto, (max-width: 575px) 100vw, 575px\" \/><\/p>\n<p class=\"p1\"><span class=\"s1\"><b>Cristina D&#8217;Avena<\/b> far\u00e0 parte dello scenario musicale della prossima estate; l&#8217;artista, storica voce della musica italiana nella categoria dedicata alle sigle dei cartoni animati, ha annunciato il suo ritorno con un nuovo singolo.<\/span><\/p>\n<p class=\"p1\"><!--more--><\/p>\n<p class=\"p2\"><span class=\"s2\">Si intitola <i>L&#8217;estate migliore che c&#8217;\u00e8<\/i> ed \u00e8 uscito luned\u00ec 29 maggio; un brano nuovo e diverso per la cantate che lo ha descritto cos\u00ec&nbsp;&#8220;<\/span><span class=\"s3\"><i>\u00c8 un pezzo veramente solare, molto positivo, che ti d\u00e0 felicit\u00e0, sorriso, forza e coraggio. Mi sono divertita moltissimo sia a cantarlo, perch\u00e9 \u00e8 molto bello, sia quando l&#8217;ho ascoltato nella sua versione definitiva dopo il mixaggio. \u00c8 una canzone allegra che fa venire in mente immediatamente l&#8217;estate e tutti i colori dell&#8217;arcobaleno.<\/i>&#8220;.<\/span><\/p>\n<p class=\"p2\" style=\"text-align: center;\">leggi il testo &gt;&gt;&gt; &#8220;<a href=\"http:\/\/www.angolotesti.it\/C\/testi_canzoni_cristina_davena_38851\/testo_canzone_lestate_migliore_che_ce_2191452.html\" target=\"_blank\" rel=\"noopener noreferrer\"><em><strong>L&#8217;estate migliore che c&#8217;\u00e8&#8221;di Cristina D&#8217;Avena<\/strong><\/em><\/a><\/p>\n<p class=\"p3\"><span class=\"s1\">Il suo singolo per l&#8217;estate 2017 \u00e8 stato anche gi\u00e0 scelto come colonna sonora del <b>Pride Village<\/b> alla <b>Fiera di Padova<\/b> prevista per il 16 giugno a partire dalle 19:30.<\/span><\/p>\n<p class=\"p3\"><span class=\"s1\">Ad accompagnare il singolo, un video realizzato con la regia di <b>Daniele Sartori<\/b>. Il brano invece di questa canzone \u00e8 stato curato dalla stessa Cristina D&#8217;Avena assieme ad <b>Andrea Papazzoni<\/b> e <b>Arianna Mereu<\/b>.<\/span><\/p>\n","protected":false},"excerpt":{"rendered":"<p>Cristina D&#8217;Avena far\u00e0 parte dello scenario musicale della prossima estate; l&#8217;artista, storica voce della musica italiana nella categoria dedicata alle sigle dei cartoni animati, ha annunciato il suo ritorno con un nuovo singolo.<\/p>\n","protected":false},"author":8,"featured_media":0,"comment_status":"open","ping_status":"open","sticky":false,"template":"","format":"standard","meta":{"ngg_post_thumbnail":0,"footnotes":""},"categories":[16],"tags":[822,4236,16993,148],"class_list":["post-34580","post","type-post","status-publish","format-standard","hentry","category-uscite-discografiche","tag-cristina-davena","tag-estate","tag-lestate-migliore-che-ce","tag-singolo"],"aioseo_notices":[],"_links":{"self":[{"href":"https:\/\/www.musictory.it\/news\/wp-json\/wp\/v2\/posts\/34580","targetHints":{"allow":["GET"]}}],"collection":[{"href":"https:\/\/www.musictory.it\/news\/wp-json\/wp\/v2\/posts"}],"about":[{"href":"https:\/\/www.musictory.it\/news\/wp-json\/wp\/v2\/types\/post"}],"author":[{"embeddable":true,"href":"https:\/\/www.musictory.it\/news\/wp-json\/wp\/v2\/users\/8"}],"replies":[{"embeddable":true,"href":"https:\/\/www.musictory.it\/news\/wp-json\/wp\/v2\/comments?post=34580"}],"version-history":[{"count":1,"href":"https:\/\/www.musictory.it\/news\/wp-json\/wp\/v2\/posts\/34580\/revisions"}],"predecessor-version":[{"id":34581,"href":"https:\/\/www.musictory.it\/news\/wp-json\/wp\/v2\/posts\/34580\/revisions\/34581"}],"wp:attachment":[{"href":"https:\/\/www.musictory.it\/news\/wp-json\/wp\/v2\/media?parent=34580"}],"wp:term":[{"taxonomy":"category","embeddable":true,"href":"https:\/\/www.musictory.it\/news\/wp-json\/wp\/v2\/categories?post=34580"},{"taxonomy":"post_tag","embeddable":true,"href":"https:\/\/www.musictory.it\/news\/wp-json\/wp\/v2\/tags?post=34580"}],"curies":[{"name":"wp","href":"https:\/\/api.w.org\/{rel}","templated":true}]}}