{"id":33481,"date":"2017-03-31T23:21:15","date_gmt":"2017-03-31T21:21:15","guid":{"rendered":"http:\/\/www.musictory.it\/news\/?p=33481"},"modified":"2017-03-31T23:21:15","modified_gmt":"2017-03-31T21:21:15","slug":"elodie-lele-e-fabrizio-giannini-triangolo-amoroso-o-solo-progetti-lavorativi","status":"publish","type":"post","link":"https:\/\/www.musictory.it\/news\/elodie-lele-e-fabrizio-giannini-triangolo-amoroso-o-solo-progetti-lavorativi-33481\/","title":{"rendered":"Elodie, Lele e Fabrizio Giannini: triangolo amoroso o solo progetti lavorativi?"},"content":{"rendered":"<p class=\"p1\"><img loading=\"lazy\" decoding=\"async\" width=\"600\" height=\"400\" class=\"aligncenter size-large wp-image-28690\" src=\"https:\/\/www.musictory.it\/news\/wp-content\/uploads\/2016\/05\/elodie-600x400.jpg\" alt=\"\" srcset=\"https:\/\/www.musictory.it\/news\/wp-content\/uploads\/2016\/05\/elodie.jpg 600w, https:\/\/www.musictory.it\/news\/wp-content\/uploads\/2016\/05\/elodie-300x200.jpg 300w\" sizes=\"auto, (max-width: 600px) 100vw, 600px\" \/><\/p>\n<p class=\"p1\">Da qualche giorno in tanti si sono chiesti quali fossero i reali motivi della separazione lavorativa tra <b>Elodie Di Patrizi<\/b> e la sua manager <b>Francesca Savini<\/b>, quest\u2019ultima legata anche all\u2019amica <b>Emma Marrone<\/b>.<\/p>\n<p class=\"p1\"><!--more--><\/p>\n<p class=\"p1\">A lanciare una vera e propria bomba mediatica che ha fatto impazzire i fan della cantante \u00e8 il giornalista <b>Alberto Dandolo<\/b> che sulle pagine della rivista <i>Oggi<\/i> annuncia che non solo la causa della separazione tra la cantante \u00e8 la sua manager si potrebbe chiamare <b>Fabrizio Giannini<\/b>, ma lo stesso Giannini potrebbe essere anche la causa della fine della sua storia d\u2019amore con <b>Lele Esposito<\/b>.<\/p>\n<p class=\"p1\">Gi\u00e0 famoso per essere il manager da molti anni del grande <b>Tiziano Ferro<\/b>, ora <b>Giannini<\/b> potrebbe aver preso un ruolo importante nella vita di <b>Elodie<\/b> sia privata (sentimentale) che artistica.<\/p>\n<p class=\"p2\"><span class=\"s1\">Queste le parole pubblica sul settimanale <\/span><span class=\"s2\"><i>\u201cStop al sodalizio professionale tra Elodie Di Patrizi, 26, ed Emma Marrone, 32. Si sarebbe messo di mezzo il noto produttore Fabrizio Giannini. Si mormora che tra Elodie e Fabrizio non ci sia solo un\u2019intesa artistica ma anche una simpatia di ben altra natura\u2026\u201d.<\/i><\/span><\/p>\n<p class=\"p2\"><span class=\"s2\">Non si sa che questa notizia sia attendibile o semplicemente un gossip nato per incrementare vendite e curiosit\u00e0 della gente, sicuramente la fine della relazione lavorativa tra Elodie e la sua manager \u00e8 reale, tutto il resto \u00e8 in attesa ora di qualche conferma o smentita da parte della diretta interessata.<\/span><\/p>\n","protected":false},"excerpt":{"rendered":"<p>Da qualche giorno in tanti si sono chiesti quali fossero i reali motivi della separazione lavorativa tra Elodie Di Patrizi e la sua manager Francesca Savini, quest\u2019ultima legata anche all\u2019amica Emma Marrone.<\/p>\n","protected":false},"author":8,"featured_media":0,"comment_status":"open","ping_status":"open","sticky":false,"template":"","format":"standard","meta":{"ngg_post_thumbnail":0,"footnotes":""},"categories":[15689],"tags":[11942,15494,16779,336,15476,14202,14247],"class_list":["post-33481","post","type-post","status-publish","format-standard","hentry","category-gossip","tag-amore","tag-elodie","tag-fabrizio-giannini","tag-gossip","tag-lele-esposito","tag-manager","tag-relazione"],"aioseo_notices":[],"_links":{"self":[{"href":"https:\/\/www.musictory.it\/news\/wp-json\/wp\/v2\/posts\/33481","targetHints":{"allow":["GET"]}}],"collection":[{"href":"https:\/\/www.musictory.it\/news\/wp-json\/wp\/v2\/posts"}],"about":[{"href":"https:\/\/www.musictory.it\/news\/wp-json\/wp\/v2\/types\/post"}],"author":[{"embeddable":true,"href":"https:\/\/www.musictory.it\/news\/wp-json\/wp\/v2\/users\/8"}],"replies":[{"embeddable":true,"href":"https:\/\/www.musictory.it\/news\/wp-json\/wp\/v2\/comments?post=33481"}],"version-history":[{"count":1,"href":"https:\/\/www.musictory.it\/news\/wp-json\/wp\/v2\/posts\/33481\/revisions"}],"predecessor-version":[{"id":33482,"href":"https:\/\/www.musictory.it\/news\/wp-json\/wp\/v2\/posts\/33481\/revisions\/33482"}],"wp:attachment":[{"href":"https:\/\/www.musictory.it\/news\/wp-json\/wp\/v2\/media?parent=33481"}],"wp:term":[{"taxonomy":"category","embeddable":true,"href":"https:\/\/www.musictory.it\/news\/wp-json\/wp\/v2\/categories?post=33481"},{"taxonomy":"post_tag","embeddable":true,"href":"https:\/\/www.musictory.it\/news\/wp-json\/wp\/v2\/tags?post=33481"}],"curies":[{"name":"wp","href":"https:\/\/api.w.org\/{rel}","templated":true}]}}