{"id":33478,"date":"2017-03-31T23:23:33","date_gmt":"2017-03-31T21:23:33","guid":{"rendered":"http:\/\/www.musictory.it\/news\/?p=33478"},"modified":"2017-03-31T23:23:33","modified_gmt":"2017-03-31T21:23:33","slug":"dal-1994-al-2019-il-ritorno-de-il-re-leone-con-beyonce-nei-panni-di-nala","status":"publish","type":"post","link":"https:\/\/www.musictory.it\/news\/dal-1994-al-2019-il-ritorno-de-il-re-leone-con-beyonce-nei-panni-di-nala-33478\/","title":{"rendered":"Dal 1994 al 2019: il ritorno de Il Re Leone con Beyonce nei panni di Nala"},"content":{"rendered":"<p class=\"p1\"><img loading=\"lazy\" decoding=\"async\" width=\"600\" height=\"400\" class=\"aligncenter size-large wp-image-30676\" src=\"https:\/\/www.musictory.it\/news\/wp-content\/uploads\/2016\/10\/beyonceincidente-600x400.jpg\" alt=\"\" srcset=\"https:\/\/www.musictory.it\/news\/wp-content\/uploads\/2016\/10\/beyonceincidente-600x400.jpg 600w, https:\/\/www.musictory.it\/news\/wp-content\/uploads\/2016\/10\/beyonceincidente-300x200.jpg 300w, https:\/\/www.musictory.it\/news\/wp-content\/uploads\/2016\/10\/beyonceincidente-768x512.jpg 768w, https:\/\/www.musictory.it\/news\/wp-content\/uploads\/2016\/10\/beyonceincidente.jpg 1024w\" sizes=\"auto, (max-width: 600px) 100vw, 600px\" \/><\/p>\n<p class=\"p1\">Il nuovo progetto <b>Disney<\/b> in programma con arrivo presumibilmente entro la fine del 2019, \u00e8 la nuova produzione in <b>live-action<\/b> di una delle sue pi\u00f9 grandi pellicole.<\/p>\n<p class=\"p1\"><!--more--><\/p>\n<p class=\"p1\">Tra un paio d\u2019anni potrebbe comparire al cinema il nuovo film de <b>Il Re Leone<\/b>; dopo <b>Il Libro della Giungla<\/b> e <b>La bella e La bestia<\/b>, <b>Disney<\/b> ora punta su un cartone animato storico. Il Re Leone \u00e8 uscito per la volta nelle sale cinematografiche pi\u00f9 di 20 anni fa, precisamente nel 1994 e da allora \u00e8 diventato il film d\u2019animazione con il maggior successo mondiale grazie al record, mai superato da altri dello stesso genere, di incassi.<\/p>\n<p class=\"p1\">La <b>Disney<\/b> per\u00f2 ha avanzato richieste ben precise: per la nuova pellicola il desiderio \u00e8 quello di inserire nel cast la bellissima <b>Beyonce<\/b> facendole \u201cvestire i panni\u201d di <b>Nala<\/b>, la migliore amica di <b>Simba<\/b>.<\/p>\n<p class=\"p1\">Le richieste avanzate da Disney per\u00f2 non hanno ancora ricevuto alcuna risposta. La cantante \u00e8 al momento molto impegnata con la doppia gravidanza e per questo motivo i produttori si sono resi disponibili con lei a cambiare tempi e modalit\u00e0 di registrazione.<\/p>\n","protected":false},"excerpt":{"rendered":"<p>Il nuovo progetto Disney in programma con arrivo presumibilmente entro la fine del 2019, \u00e8 la nuova produzione in live-action di una delle sue pi\u00f9 grandi pellicole.<\/p>\n","protected":false},"author":8,"featured_media":0,"comment_status":"open","ping_status":"open","sticky":false,"template":"","format":"standard","meta":{"ngg_post_thumbnail":0,"footnotes":""},"categories":[26],"tags":[774,10095,1133,151,9392],"class_list":["post-33478","post","type-post","status-publish","format-standard","hentry","category-notizie","tag-beyonce","tag-cinema","tag-disney","tag-film","tag-la-bella-e-la-bestia"],"aioseo_notices":[],"_links":{"self":[{"href":"https:\/\/www.musictory.it\/news\/wp-json\/wp\/v2\/posts\/33478","targetHints":{"allow":["GET"]}}],"collection":[{"href":"https:\/\/www.musictory.it\/news\/wp-json\/wp\/v2\/posts"}],"about":[{"href":"https:\/\/www.musictory.it\/news\/wp-json\/wp\/v2\/types\/post"}],"author":[{"embeddable":true,"href":"https:\/\/www.musictory.it\/news\/wp-json\/wp\/v2\/users\/8"}],"replies":[{"embeddable":true,"href":"https:\/\/www.musictory.it\/news\/wp-json\/wp\/v2\/comments?post=33478"}],"version-history":[{"count":1,"href":"https:\/\/www.musictory.it\/news\/wp-json\/wp\/v2\/posts\/33478\/revisions"}],"predecessor-version":[{"id":33479,"href":"https:\/\/www.musictory.it\/news\/wp-json\/wp\/v2\/posts\/33478\/revisions\/33479"}],"wp:attachment":[{"href":"https:\/\/www.musictory.it\/news\/wp-json\/wp\/v2\/media?parent=33478"}],"wp:term":[{"taxonomy":"category","embeddable":true,"href":"https:\/\/www.musictory.it\/news\/wp-json\/wp\/v2\/categories?post=33478"},{"taxonomy":"post_tag","embeddable":true,"href":"https:\/\/www.musictory.it\/news\/wp-json\/wp\/v2\/tags?post=33478"}],"curies":[{"name":"wp","href":"https:\/\/api.w.org\/{rel}","templated":true}]}}