{"id":33017,"date":"2017-03-08T16:26:36","date_gmt":"2017-03-08T15:26:36","guid":{"rendered":"http:\/\/www.musictory.it\/news\/?p=33017"},"modified":"2017-04-18T09:43:09","modified_gmt":"2017-04-18T07:43:09","slug":"fabrizio-moro-in-questo-album-mi-sono-messo-a-nudo","status":"publish","type":"post","link":"https:\/\/www.musictory.it\/news\/fabrizio-moro-in-questo-album-mi-sono-messo-a-nudo-33017\/","title":{"rendered":"Fabrizio Moro \u201cIn questo album mi sono messo a nudo\u201d"},"content":{"rendered":"<p class=\"p1\"><img loading=\"lazy\" decoding=\"async\" width=\"600\" height=\"400\" class=\"aligncenter size-large wp-image-33018\" src=\"https:\/\/www.musictory.it\/news\/wp-content\/uploads\/2017\/03\/fabriziomoro-600x400.jpg\" alt=\"\" srcset=\"https:\/\/www.musictory.it\/news\/wp-content\/uploads\/2017\/03\/fabriziomoro.jpg 600w, https:\/\/www.musictory.it\/news\/wp-content\/uploads\/2017\/03\/fabriziomoro-300x200.jpg 300w\" sizes=\"auto, (max-width: 600px) 100vw, 600px\" \/><\/p>\n<p class=\"p1\">Aspettando l\u2019uscita del suo nuovo album <b>Pace<\/b> contenente anche il brano sanremese <i>Portami via <\/i> dedicato alla figlia, <b>Fabrizio Moro<\/b> ha deciso di raccontarsi e raccontare il contenuto di questo suo nuovo lavoro discografico.<\/p>\n<p class=\"p1\"><!--more--><\/p>\n<p class=\"p1\">Il 10 marzo arriva il nuovo album di Fabrizio Moro contenente 11 brani inediti; per il suo ottavo disco Moro ha raccontato di essersi messo davvero a nudo per la prima volta come mai aveva fatto prima \u201c<i>Questo forse \u00e8 il primo album in cui parlo solo di me stesso\u2026 Parlo di me, delle mie paure, delle mie fragilit\u00e0, delle mie gioie, perch\u00e9 scrivere canzoni \u00e8 terapeutico per me\u2026<\/i>\u201d. Con queste poche parole Moro ha scelto di presentare il suo album, che arriva a distanza<span class=\"Apple-converted-space\">&nbsp; <\/span>di due anni dall\u2019ultimo&nbsp;<b>Via Delle Girandole 10<\/b>. Due anni questi significativi \u201c<span class=\"s1\"><i>Sono stati due\/tre anni molto importanti per me, a livello personale soprattutto, e avevo bisogno di raccontarli per esorcizzare alcune cose, di raccontare il mondo dal mio punto di vista esistenziale<\/i><\/span><span class=\"s2\">\u201d ha raccontato.<\/span><\/p>\n<p class=\"p2\"><span class=\"s3\">Perch\u00e9 il titolo <b>Pace<\/b> a questo nuovo lavoro discografico? \u201c<\/span><em><span class=\"s4\">\u00c8 il sentimento che da qualche anno a questa parte mi sfugge di pi\u00f9 e che vorrei raggiungere. Ma nell&#8217;ultimo periodo sono riuscito a trovare pace in alcune semplici cose, ai giardinetti con mia figlia, andando al centro commerciale, mangiando la pizza con mio padre&#8230; Ho iniziato a fare una vita che mi ha messo sempre paura, andare in tintoria, al supermercato&#8230; Ho sempre avuto delle difficolt\u00e0 a relazionarmi con la gente e quando ero piccolo parlavo pi\u00f9 con i miei giocattoli che con la gente\u2026<\/span><\/em><span class=\"s3\">\u201d. Parlando quindi proprio di questo ultimo brano, <i>Giocattoli<\/i>, traccia numero 3 \u201c<\/span><span class=\"s4\"><i>Questo \u00e8 sicuramente il brano che rappresenta di pi\u00f9 me e forse tutta la mia generazione. I giocattoli sono simbolo di innocenza e felicit\u00e0. Io parlavo con Jeeg Robot e Mazinga Zeta: chiedevo a loro di sconfiggere i disonesti, invece di parlare con i miei<\/i><\/span><span class=\"s3\">\u201d.<\/span><\/p>\n","protected":false},"excerpt":{"rendered":"<p>Aspettando l\u2019uscita del suo nuovo album Pace contenente anche il brano sanremese Portami via dedicato alla figlia, Fabrizio Moro ha deciso di raccontarsi e raccontare il contenuto di questo suo nuovo lavoro discografico.<\/p>\n","protected":false},"author":8,"featured_media":33018,"comment_status":"open","ping_status":"open","sticky":false,"template":"","format":"standard","meta":{"ngg_post_thumbnail":0,"footnotes":""},"categories":[16840],"tags":[170,434,357,11511,16534],"class_list":["post-33017","post","type-post","status-publish","format-standard","has-post-thumbnail","hentry","category-interviste","tag-album","tag-fabrizio-moro","tag-intervista","tag-pace","tag-portami-via"],"aioseo_notices":[],"_links":{"self":[{"href":"https:\/\/www.musictory.it\/news\/wp-json\/wp\/v2\/posts\/33017","targetHints":{"allow":["GET"]}}],"collection":[{"href":"https:\/\/www.musictory.it\/news\/wp-json\/wp\/v2\/posts"}],"about":[{"href":"https:\/\/www.musictory.it\/news\/wp-json\/wp\/v2\/types\/post"}],"author":[{"embeddable":true,"href":"https:\/\/www.musictory.it\/news\/wp-json\/wp\/v2\/users\/8"}],"replies":[{"embeddable":true,"href":"https:\/\/www.musictory.it\/news\/wp-json\/wp\/v2\/comments?post=33017"}],"version-history":[{"count":3,"href":"https:\/\/www.musictory.it\/news\/wp-json\/wp\/v2\/posts\/33017\/revisions"}],"predecessor-version":[{"id":33092,"href":"https:\/\/www.musictory.it\/news\/wp-json\/wp\/v2\/posts\/33017\/revisions\/33092"}],"wp:featuredmedia":[{"embeddable":true,"href":"https:\/\/www.musictory.it\/news\/wp-json\/wp\/v2\/media\/33018"}],"wp:attachment":[{"href":"https:\/\/www.musictory.it\/news\/wp-json\/wp\/v2\/media?parent=33017"}],"wp:term":[{"taxonomy":"category","embeddable":true,"href":"https:\/\/www.musictory.it\/news\/wp-json\/wp\/v2\/categories?post=33017"},{"taxonomy":"post_tag","embeddable":true,"href":"https:\/\/www.musictory.it\/news\/wp-json\/wp\/v2\/tags?post=33017"}],"curies":[{"name":"wp","href":"https:\/\/api.w.org\/{rel}","templated":true}]}}