{"id":32290,"date":"2017-01-31T14:59:15","date_gmt":"2017-01-31T13:59:15","guid":{"rendered":"http:\/\/www.musictory.it\/news\/?p=32290"},"modified":"2017-01-31T14:59:15","modified_gmt":"2017-01-31T13:59:15","slug":"le-musiche-dello-spot-di-tim-diventano-un-tormentone-il-brano-piu-cercato-e-di-parov-stelar","status":"publish","type":"post","link":"https:\/\/www.musictory.it\/news\/le-musiche-dello-spot-di-tim-diventano-un-tormentone-il-brano-piu-cercato-e-di-parov-stelar-32290\/","title":{"rendered":"Le musiche dello spot di Tim diventano un tormentone: il brano pi\u00f9 cercato \u00e8 di Parov Stelar"},"content":{"rendered":"<p class=\"p1\" style=\"text-align: justify;\"><img loading=\"lazy\" decoding=\"async\" width=\"600\" height=\"400\" class=\"aligncenter size-large wp-image-32291\" src=\"https:\/\/www.musictory.it\/news\/wp-content\/uploads\/2017\/01\/timspot-600x400.jpg\" alt=\"timspot\" srcset=\"https:\/\/www.musictory.it\/news\/wp-content\/uploads\/2017\/01\/timspot.jpg 600w, https:\/\/www.musictory.it\/news\/wp-content\/uploads\/2017\/01\/timspot-300x200.jpg 300w\" sizes=\"auto, (max-width: 600px) 100vw, 600px\" \/><\/p>\n<p class=\"p1\" style=\"text-align: justify;\"><span class=\"s1\">E&#8217; un dj e musicista austriaco che ha scritto il brano e le musiche di <b>All Night<\/b>, la colonna sonora scelta per il nuovo spot della Tim che sta piacendo tantissimo ai telespettatori.<\/span><\/p>\n<p class=\"p1\" style=\"text-align: justify;\"><!--more--><\/p>\n<p class=\"p1\" style=\"text-align: justify;\"><span class=\"s1\">Le movenze e soprattutto il ritornello sono diventati ormai virali in rete, tanto che il suo brano \u00e8 risalito anche nelle posizioni delle classifiche di <strong>iTunes<\/strong> e <strong>Spotify<\/strong>.<\/span><\/p>\n<p class=\"p1\" style=\"text-align: justify;\"><span class=\"s1\">Il successo \u00e8 dovuto ad un mix di cose: sicuramente la musica e il suo ritmo fresco abbinati ai movimenti energici e ritmici dei ballerini. <\/span><\/p>\n<p class=\"p1\" style=\"text-align: justify;\"><span class=\"s1\">Il brano in questione per\u00f2 non \u00e8 del tutto nuovo: Il singolo infatti \u00e8 uscito diversi anni fa, precisamente nel 2012 ma ai tempi non ebbe cos\u00ec tanto successo. Oggi invece grazie alla pubblicit\u00e0 del pi\u00f9 grande gestore telefonico italiano, <i>All Night<\/i> ha ripreso vita e si sta ritagliando una grossa fetta di vendite nel mercato musicale italiano del momento.<\/span><\/p>\n<p class=\"p1\" style=\"text-align: center;\">Qui il video -&gt;\u00a0<a title=\"All Night\" href=\"https:\/\/www.musictory.it\/musica\/Parov+Stelar\/All+Night\">All Night<\/a>\u00a0di <strong>Parov Stelar<\/strong><\/p>\n<p class=\"p1\"><span class=\"s1\">Ad oggi il videoclip di questo singolo ha totalizzato, sul canale <strong>YouTube<\/strong>, oltre 10 milioni di visualizzazioni raccogliendo commenti di ogni tipo, come ad esempio quello di un utente che divertito scrive &#8220;<\/span><span class=\"s2\"><em>Chi non \u00e8 qui dopo aver visto quella pubblicit\u00e0?<\/em>&#8220;. Effettivamente, come dargli torto!<\/span><\/p>\n","protected":false},"excerpt":{"rendered":"<p>E&#8217; un dj e musicista austriaco che ha scritto il brano e le musiche di All Night, la colonna sonora scelta per il nuovo spot della Tim che sta piacendo tantissimo ai telespettatori.<\/p>\n","protected":false},"author":8,"featured_media":32291,"comment_status":"open","ping_status":"open","sticky":false,"template":"","format":"standard","meta":{"ngg_post_thumbnail":0,"footnotes":""},"categories":[247],"tags":[16571,16569,10801,16570,16572],"class_list":["post-32290","post","type-post","status-publish","format-standard","has-post-thumbnail","hentry","category-video-2","tag-all-night","tag-click","tag-musica","tag-parov-stelar","tag-spot-tim"],"aioseo_notices":[],"_links":{"self":[{"href":"https:\/\/www.musictory.it\/news\/wp-json\/wp\/v2\/posts\/32290","targetHints":{"allow":["GET"]}}],"collection":[{"href":"https:\/\/www.musictory.it\/news\/wp-json\/wp\/v2\/posts"}],"about":[{"href":"https:\/\/www.musictory.it\/news\/wp-json\/wp\/v2\/types\/post"}],"author":[{"embeddable":true,"href":"https:\/\/www.musictory.it\/news\/wp-json\/wp\/v2\/users\/8"}],"replies":[{"embeddable":true,"href":"https:\/\/www.musictory.it\/news\/wp-json\/wp\/v2\/comments?post=32290"}],"version-history":[{"count":1,"href":"https:\/\/www.musictory.it\/news\/wp-json\/wp\/v2\/posts\/32290\/revisions"}],"predecessor-version":[{"id":32292,"href":"https:\/\/www.musictory.it\/news\/wp-json\/wp\/v2\/posts\/32290\/revisions\/32292"}],"wp:featuredmedia":[{"embeddable":true,"href":"https:\/\/www.musictory.it\/news\/wp-json\/wp\/v2\/media\/32291"}],"wp:attachment":[{"href":"https:\/\/www.musictory.it\/news\/wp-json\/wp\/v2\/media?parent=32290"}],"wp:term":[{"taxonomy":"category","embeddable":true,"href":"https:\/\/www.musictory.it\/news\/wp-json\/wp\/v2\/categories?post=32290"},{"taxonomy":"post_tag","embeddable":true,"href":"https:\/\/www.musictory.it\/news\/wp-json\/wp\/v2\/tags?post=32290"}],"curies":[{"name":"wp","href":"https:\/\/api.w.org\/{rel}","templated":true}]}}