{"id":32280,"date":"2017-01-31T11:51:23","date_gmt":"2017-01-31T10:51:23","guid":{"rendered":"http:\/\/www.musictory.it\/news\/?p=32280"},"modified":"2017-01-31T11:51:23","modified_gmt":"2017-01-31T10:51:23","slug":"nuovo-record-per-vasco-rossi-il-modena-park-e-il-concerto-con-piu-paganti","status":"publish","type":"post","link":"https:\/\/www.musictory.it\/news\/nuovo-record-per-vasco-rossi-il-modena-park-e-il-concerto-con-piu-paganti-32280\/","title":{"rendered":"Nuovo record per Vasco Rossi: il Modena Park \u00e8 il concerto con pi\u00f9 paganti"},"content":{"rendered":"<p class=\"p1\" style=\"text-align: justify;\"><img loading=\"lazy\" decoding=\"async\" width=\"600\" height=\"400\" class=\"aligncenter size-large wp-image-32281\" src=\"https:\/\/www.musictory.it\/news\/wp-content\/uploads\/2017\/01\/komandante-600x400.jpg\" alt=\"komandante\" srcset=\"https:\/\/www.musictory.it\/news\/wp-content\/uploads\/2017\/01\/komandante.jpg 600w, https:\/\/www.musictory.it\/news\/wp-content\/uploads\/2017\/01\/komandante-300x200.jpg 300w\" sizes=\"auto, (max-width: 600px) 100vw, 600px\" \/><\/p>\n<p class=\"p1\" style=\"text-align: justify;\">Quello raggiunto da <b>Vasco Rossi<\/b> con il concerto <b>Modena Park<\/b> non \u00e8 solo italiano ma bens\u00ec europeo: \u00e8 infatti il suo il concerto che registra il maggior numero di paganti e raggiunge cos\u00ec il primato europeo.<\/p>\n<p class=\"p1\" style=\"text-align: justify;\"><!--more--><\/p>\n<p class=\"p1\" style=\"text-align: justify;\">Il <strong>Komandante<\/strong> porta a casa gi\u00e0 un successo prima ancora che il concerto abbia avuto luogo: le vendite da record dei biglietti, che in pochissime ore hanno superato la cifra di <strong>180mila<\/strong> per il concerto di sabato 1 luglio 2017, gli hanno fatto raggiungere un primato speciale. Il suo concerto \u00e8 oggi il live con pi\u00f9 spettatori paganti che sia mai stato tenuto in Europa e in futuro potrebbe anche guadagnare il record mondiale assoluto.<\/p>\n<p class=\"p2\" style=\"text-align: justify;\"><span class=\"s1\">Una grande sorpresa anche per lo stesso <strong>Vasco Rossi<\/strong> che sul suo profilo Facebook scrive &#8220;<\/span><span class=\"s2\"><em>Kom..plimenti !!! Avete POLVERIZZATO il record EUROPEO in poche ore !!! 180.000volte grazie&#8230;!!! siete FANTASTICI ! il 1 Luglio faremo una festa indimenticabile !!<\/em>!&#8221;<\/span><span class=\"s3\">.<\/span><\/p>\n","protected":false},"excerpt":{"rendered":"<p>Quello raggiunto da Vasco Rossi con il concerto Modena Park non \u00e8 solo italiano ma bens\u00ec europeo: \u00e8 infatti il suo il concerto che registra il maggior numero di paganti e raggiunge cos\u00ec il primato europeo.<\/p>\n","protected":false},"author":8,"featured_media":32281,"comment_status":"open","ping_status":"open","sticky":false,"template":"","format":"standard","meta":{"ngg_post_thumbnail":0,"footnotes":""},"categories":[199],"tags":[16567,16475,92,99],"class_list":["post-32280","post","type-post","status-publish","format-standard","has-post-thumbnail","hentry","category-classifiche-2","tag-komandante","tag-modena-park","tag-record","tag-vasco-rossi"],"aioseo_notices":[],"_links":{"self":[{"href":"https:\/\/www.musictory.it\/news\/wp-json\/wp\/v2\/posts\/32280","targetHints":{"allow":["GET"]}}],"collection":[{"href":"https:\/\/www.musictory.it\/news\/wp-json\/wp\/v2\/posts"}],"about":[{"href":"https:\/\/www.musictory.it\/news\/wp-json\/wp\/v2\/types\/post"}],"author":[{"embeddable":true,"href":"https:\/\/www.musictory.it\/news\/wp-json\/wp\/v2\/users\/8"}],"replies":[{"embeddable":true,"href":"https:\/\/www.musictory.it\/news\/wp-json\/wp\/v2\/comments?post=32280"}],"version-history":[{"count":1,"href":"https:\/\/www.musictory.it\/news\/wp-json\/wp\/v2\/posts\/32280\/revisions"}],"predecessor-version":[{"id":32282,"href":"https:\/\/www.musictory.it\/news\/wp-json\/wp\/v2\/posts\/32280\/revisions\/32282"}],"wp:featuredmedia":[{"embeddable":true,"href":"https:\/\/www.musictory.it\/news\/wp-json\/wp\/v2\/media\/32281"}],"wp:attachment":[{"href":"https:\/\/www.musictory.it\/news\/wp-json\/wp\/v2\/media?parent=32280"}],"wp:term":[{"taxonomy":"category","embeddable":true,"href":"https:\/\/www.musictory.it\/news\/wp-json\/wp\/v2\/categories?post=32280"},{"taxonomy":"post_tag","embeddable":true,"href":"https:\/\/www.musictory.it\/news\/wp-json\/wp\/v2\/tags?post=32280"}],"curies":[{"name":"wp","href":"https:\/\/api.w.org\/{rel}","templated":true}]}}