{"id":31331,"date":"2016-11-30T14:11:25","date_gmt":"2016-11-30T13:11:25","guid":{"rendered":"http:\/\/www.musictory.it\/news\/?p=31331"},"modified":"2016-11-30T14:11:25","modified_gmt":"2016-11-30T13:11:25","slug":"pooh-i-commenti-per-lultimo-concerto","status":"publish","type":"post","link":"https:\/\/www.musictory.it\/news\/pooh-i-commenti-per-lultimo-concerto-31331\/","title":{"rendered":"Pooh: i commenti per l\u2019ultimo concerto"},"content":{"rendered":"<p class=\"p1\" style=\"text-align: justify;\"><img loading=\"lazy\" decoding=\"async\" width=\"600\" height=\"400\" class=\"aligncenter size-large wp-image-31332\" src=\"https:\/\/www.musictory.it\/news\/wp-content\/uploads\/2016\/11\/poohconcerto-600x400.jpg\" alt=\"poohconcerto\" srcset=\"https:\/\/www.musictory.it\/news\/wp-content\/uploads\/2016\/11\/poohconcerto.jpg 600w, https:\/\/www.musictory.it\/news\/wp-content\/uploads\/2016\/11\/poohconcerto-300x200.jpg 300w\" sizes=\"auto, (max-width: 600px) 100vw, 600px\" \/><\/p>\n<p class=\"p1\" style=\"text-align: justify;\">In attesa dell&#8217;ultimo appuntamento per il 30 dicembre alle 20:30 a Bologna, arrivano i commenti a caldo dei componenti della band che racconta come sta vivendo l&#8217;attesa della &#8220;chiusura&#8221; di questa lunghissima carriera.<\/p>\n<p class=\"p1\" style=\"text-align: justify;\"><!--more--><\/p>\n<p class=\"p1\" style=\"text-align: justify;\">50 anni sono tanti e non si possono cancellare, ma certo l&#8217;evento in programma a <strong>Bologna<\/strong> per il penultimo giorno dell&#8217;anno sar\u00e0 unico e memorabile: un grande concerto per dire addio alla scena musicale.<\/p>\n<p class=\"p2\" style=\"text-align: justify;\"><span class=\"s1\"><strong>Red Canziani<\/strong>\u00a0&#8220;<\/span><span class=\"s2\"><i>Voglio dare una chiave di lettura diversa a questo momento malinconico. La malinconia deve essere stemperata dal grande orgoglio per aver portato in porto la nave, ma con le luci accese e senza rimorchiatore. Questo viaggio \u00e8 stato importante, ci ha fatto crescere ed \u00e8 questione di dignit\u00e0 avere il coraggio di fermarsi quando tutto va bene. Per la prima volta riprenderemo in mano la nostra vita, per\u00f2 chiudere in questa maniera dar\u00e0 onore al nostro marchio, e mi auguro che, come dice sempre Roby alla fine dei concerti, la nostra musica continui anche dopo di noi<\/i><\/span><span class=\"s3\">&#8220;<\/span><\/p>\n<p class=\"p2\" style=\"text-align: justify;\"><span class=\"s3\"><strong>Stefano D&#8217;Orazio<\/strong>\u00a0&#8220;<\/span><span class=\"s2\"><i>Scendiamo dal palco con le luci accese. Siamo arrivati sani al porto e questo \u00e8 molto pi\u00f9 importante che scendere dal palco. Tutto deve finire. Addirittura i Pooh&#8230;<\/i><\/span><span class=\"s3\">&#8220;<\/span><\/p>\n<p class=\"p3\" style=\"text-align: justify;\"><strong>Riccardo Fogli<\/strong>\u00a0&#8220;<em>Ringrazio semplicemente i quattro ragazzacci che mi hanno accompagnato in questo bellissimo viaggio. <span class=\"s4\">Poi torneremo dalle nostre mogli, sar\u00e0 meglio andare a casa e dire loro che tutto pu\u00f2 tornare come prima<\/span><\/em>&#8220;<\/p>\n<p class=\"p2\" style=\"text-align: justify;\"><span class=\"s3\"><strong>Dodi Battaglia<\/strong>\u00a0&#8220;<\/span><span class=\"s2\"><i>Il segreto per stare 50 anni insieme? Invece che sminuire l&#8217;altro, abbiamo sempre cercato di sostenere chi era diverso tra noi, chi pensava diversamente, e questo senso di unione forse \u00e8 stato quello che ha formato 50 anni di successo. Nessuno della formazione iniziale \u00e8 rimasto adesso, quindi mi verrebbe da dire che fare musica con i Pooh \u00e8 quasi un modus vivendi. Quelli rimasti sono uniti da un fatto di chimica, talento, costanza, cominciamo a lavorare alle 10 del mattino e finiamo alle 8 di sera, e da una mentalit\u00e0 di chi confronta l&#8217;un l&#8217;altro gli entusiasmi e le passioni<\/i><\/span><span class=\"s3\">&#8220;<\/span><\/p>\n<p class=\"p2\" style=\"text-align: justify;\"><span class=\"s3\"><strong>Roby Facchinetti<\/strong>\u00a0&#8220;<\/span><span class=\"s2\"><i>Un anno fa, dopo la reunion, siamo partiti dal concerto a San Siro pensando di fare solo quello e poi Roma e Messina&#8230;e poi invece ne sono arrivati molti altri&#8230;sembrava fosse sempre l&#8217;ultimo&#8230; Questa reunion e questa tourn\u00e8e per\u00f2 sono davvero il nostro ultimo viaggio. Intravedo il porto e non \u00e8 una bella sensazione, perch\u00e8 50 anni non si possono cancellare cos\u00ec. Si sente il dolore di questa chiusura, ma ormai non si pu\u00f2 pi\u00f9 tornare indietro, questa \u00e8 stata la decisione e questa sar\u00e0.. costi quel che costi<\/i><\/span><span class=\"s3\">&#8220;<\/span><\/p>\n","protected":false},"excerpt":{"rendered":"<p>In attesa dell&#8217;ultimo appuntamento per il 30 dicembre alle 20:30 a Bologna, arrivano i commenti a caldo dei componenti della band che racconta come sta vivendo l&#8217;attesa della &#8220;chiusura&#8221; di questa lunghissima carriera.<\/p>\n","protected":false},"author":8,"featured_media":31332,"comment_status":"open","ping_status":"open","sticky":false,"template":"","format":"standard","meta":{"ngg_post_thumbnail":0,"footnotes":""},"categories":[26],"tags":[8214,276,15367,3931,10300],"class_list":["post-31331","post","type-post","status-publish","format-standard","has-post-thumbnail","hentry","category-notizie","tag-bologna","tag-concerto","tag-interviste","tag-pooh","tag-reunion"],"aioseo_notices":[],"_links":{"self":[{"href":"https:\/\/www.musictory.it\/news\/wp-json\/wp\/v2\/posts\/31331","targetHints":{"allow":["GET"]}}],"collection":[{"href":"https:\/\/www.musictory.it\/news\/wp-json\/wp\/v2\/posts"}],"about":[{"href":"https:\/\/www.musictory.it\/news\/wp-json\/wp\/v2\/types\/post"}],"author":[{"embeddable":true,"href":"https:\/\/www.musictory.it\/news\/wp-json\/wp\/v2\/users\/8"}],"replies":[{"embeddable":true,"href":"https:\/\/www.musictory.it\/news\/wp-json\/wp\/v2\/comments?post=31331"}],"version-history":[{"count":1,"href":"https:\/\/www.musictory.it\/news\/wp-json\/wp\/v2\/posts\/31331\/revisions"}],"predecessor-version":[{"id":31333,"href":"https:\/\/www.musictory.it\/news\/wp-json\/wp\/v2\/posts\/31331\/revisions\/31333"}],"wp:featuredmedia":[{"embeddable":true,"href":"https:\/\/www.musictory.it\/news\/wp-json\/wp\/v2\/media\/31332"}],"wp:attachment":[{"href":"https:\/\/www.musictory.it\/news\/wp-json\/wp\/v2\/media?parent=31331"}],"wp:term":[{"taxonomy":"category","embeddable":true,"href":"https:\/\/www.musictory.it\/news\/wp-json\/wp\/v2\/categories?post=31331"},{"taxonomy":"post_tag","embeddable":true,"href":"https:\/\/www.musictory.it\/news\/wp-json\/wp\/v2\/tags?post=31331"}],"curies":[{"name":"wp","href":"https:\/\/api.w.org\/{rel}","templated":true}]}}