{"id":31314,"date":"2016-11-29T18:25:39","date_gmt":"2016-11-29T17:25:39","guid":{"rendered":"http:\/\/www.musictory.it\/news\/?p=31314"},"modified":"2016-11-29T18:25:39","modified_gmt":"2016-11-29T17:25:39","slug":"anno-nuovo-album-nuovo-i-baustelle-pronti-per-un-nuovo-disco","status":"publish","type":"post","link":"https:\/\/www.musictory.it\/news\/anno-nuovo-album-nuovo-i-baustelle-pronti-per-un-nuovo-disco-31314\/","title":{"rendered":"Anno nuovo album nuovo: i Baustelle pronti per un nuovo disco"},"content":{"rendered":"<p class=\"p1\" style=\"text-align: justify;\"><img loading=\"lazy\" decoding=\"async\" width=\"600\" height=\"400\" class=\"aligncenter size-large wp-image-31315\" src=\"https:\/\/www.musictory.it\/news\/wp-content\/uploads\/2016\/11\/baustelle-600x400.jpg\" alt=\"baustelle\" srcset=\"https:\/\/www.musictory.it\/news\/wp-content\/uploads\/2016\/11\/baustelle.jpg 600w, https:\/\/www.musictory.it\/news\/wp-content\/uploads\/2016\/11\/baustelle-300x200.jpg 300w\" sizes=\"auto, (max-width: 600px) 100vw, 600px\" \/><\/p>\n<p class=\"p1\" style=\"text-align: justify;\">Sar\u00e0 composto da 12 tracce e porter\u00e0 il titolo di &#8220;<strong>L&#8217;amore e la violenza<\/strong>&#8220;; per i fan della band mancano ancora poche settimane per dare il via agli acquisti.<\/p>\n<p class=\"p1\" style=\"text-align: justify;\"><!--more--><\/p>\n<p class=\"p1\" style=\"text-align: justify;\">Il nuovo lavoro discografico, prodotto da <strong>Warner Music Italia<\/strong>, arriver\u00e0 in tutti gli store a partire dal mese di gennaio 2017, anche se ad oggi non \u00e8 stata comunicata in maniera ufficiale una data pi\u00f9 precisa. Nonostante l&#8217;uscita del singolo &#8220;<strong>Lili Marleen<\/strong>&#8221; di un mese fa circa, l&#8217;album che sta per arrivare non ha nulla a che vedere con questo brano.<\/p>\n<p class=\"p1\" style=\"text-align: justify;\">Questo album si colloca come il settimo di inediti nella storia discografica della band; i <strong>Baustelle<\/strong> hanno comunicato con un messaggio su twitter l&#8217;uscita per gennaio, accompagnando queste parole con una foto che racconta tutti gli appuntamenti del tour che seguir\u00e0 in Italia a partire dal 26 febbraio a Foligno.<\/p>\n<p class=\"p1\" style=\"text-align: justify;\">Qui di seguito tutti gli appuntamento di questo tour:<\/p>\n<ul>\n<li class=\"p1\" style=\"text-align: justify;\">4 marzo Varee<\/li>\n<li class=\"p1\" style=\"text-align: justify;\">5 marzo Trento<\/li>\n<li class=\"p1\" style=\"text-align: justify;\">6 marzo Firenze<\/li>\n<li class=\"p1\" style=\"text-align: justify;\">13 marzo Roma<\/li>\n<li class=\"p1\" style=\"text-align: justify;\">14 marzo Bologna<\/li>\n<li class=\"p1\" style=\"text-align: justify;\">15 marzo Pesaro<\/li>\n<li class=\"p1\" style=\"text-align: justify;\">20 marzo Milano<\/li>\n<li class=\"p1\" style=\"text-align: justify;\">29 marzo Tolmezzo (Udine)<\/li>\n<li class=\"p1\" style=\"text-align: justify;\">7 aprile Torino<\/li>\n<li class=\"p1\" style=\"text-align: justify;\">12 aprile Genova<\/li>\n<li class=\"p1\" style=\"text-align: justify;\">13 aprile Massa<\/li>\n<li class=\"p1\" style=\"text-align: justify;\">18 aprile Bari<\/li>\n<li class=\"p1\" style=\"text-align: justify;\">19 aprile Pescara<\/li>\n<li class=\"p1\" style=\"text-align: justify;\">21 aprile Napoli<\/li>\n<\/ul>\n","protected":false},"excerpt":{"rendered":"<p>Sar\u00e0 composto da 12 tracce e porter\u00e0 il titolo di &#8220;L&#8217;amore e la violenza&#8220;; per i fan della band mancano ancora poche settimane per dare il via agli acquisti.<\/p>\n","protected":false},"author":8,"featured_media":31315,"comment_status":"open","ping_status":"open","sticky":false,"template":"","format":"standard","meta":{"ngg_post_thumbnail":0,"footnotes":""},"categories":[16],"tags":[170,2293,63,10848],"class_list":["post-31314","post","type-post","status-publish","format-standard","has-post-thumbnail","hentry","category-uscite-discografiche","tag-album","tag-baustelle","tag-tour","tag-uscite-discografiche-2"],"aioseo_notices":[],"_links":{"self":[{"href":"https:\/\/www.musictory.it\/news\/wp-json\/wp\/v2\/posts\/31314","targetHints":{"allow":["GET"]}}],"collection":[{"href":"https:\/\/www.musictory.it\/news\/wp-json\/wp\/v2\/posts"}],"about":[{"href":"https:\/\/www.musictory.it\/news\/wp-json\/wp\/v2\/types\/post"}],"author":[{"embeddable":true,"href":"https:\/\/www.musictory.it\/news\/wp-json\/wp\/v2\/users\/8"}],"replies":[{"embeddable":true,"href":"https:\/\/www.musictory.it\/news\/wp-json\/wp\/v2\/comments?post=31314"}],"version-history":[{"count":1,"href":"https:\/\/www.musictory.it\/news\/wp-json\/wp\/v2\/posts\/31314\/revisions"}],"predecessor-version":[{"id":31316,"href":"https:\/\/www.musictory.it\/news\/wp-json\/wp\/v2\/posts\/31314\/revisions\/31316"}],"wp:featuredmedia":[{"embeddable":true,"href":"https:\/\/www.musictory.it\/news\/wp-json\/wp\/v2\/media\/31315"}],"wp:attachment":[{"href":"https:\/\/www.musictory.it\/news\/wp-json\/wp\/v2\/media?parent=31314"}],"wp:term":[{"taxonomy":"category","embeddable":true,"href":"https:\/\/www.musictory.it\/news\/wp-json\/wp\/v2\/categories?post=31314"},{"taxonomy":"post_tag","embeddable":true,"href":"https:\/\/www.musictory.it\/news\/wp-json\/wp\/v2\/tags?post=31314"}],"curies":[{"name":"wp","href":"https:\/\/api.w.org\/{rel}","templated":true}]}}