{"id":28959,"date":"2016-05-31T11:19:14","date_gmt":"2016-05-31T09:19:14","guid":{"rendered":"http:\/\/www.musictory.it\/news\/?p=28959"},"modified":"2016-05-31T11:19:14","modified_gmt":"2016-05-31T09:19:14","slug":"francesco-renga-presenta-come-secondo-singolo-il-bene","status":"publish","type":"post","link":"https:\/\/www.musictory.it\/news\/francesco-renga-presenta-come-secondo-singolo-il-bene-28959\/","title":{"rendered":"Francesco Renga presenta come secondo singolo &#8220;Il Bene&#8221;"},"content":{"rendered":"<p style=\"text-align: justify;\"><img loading=\"lazy\" decoding=\"async\" width=\"600\" height=\"400\" class=\"aligncenter size-large wp-image-28960\" src=\"https:\/\/www.musictory.it\/news\/wp-content\/uploads\/2016\/05\/ilbene-600x400.jpg\" alt=\"ilbene\" srcset=\"https:\/\/www.musictory.it\/news\/wp-content\/uploads\/2016\/05\/ilbene.jpg 600w, https:\/\/www.musictory.it\/news\/wp-content\/uploads\/2016\/05\/ilbene-300x200.jpg 300w\" sizes=\"auto, (max-width: 600px) 100vw, 600px\" \/><\/p>\n<p style=\"text-align: justify;\">Tratto\u00a0dall&#8217;album &#8220;<strong><a href=\"https:\/\/www.musictory.it\/musica\/Francesco+Renga\/Album\/Scriver\u00f2+Il+Tuo+Nome\" target=\"_blank\">Scriver\u00f2 il tuo nome<\/a><\/strong>&#8220;, che da diverse settimane resta fermo nella top 10 degli album pi\u00f9 venduti in Italia, &#8220;<strong>Il bene<\/strong>&#8221; \u00e8 il secondo singolo che Renga decide di estrarre.<\/p>\n<p style=\"text-align: justify;\"><!--more--><\/p>\n<p style=\"text-align: justify;\">Uscir\u00e0 ufficialmente in radio il<strong> 3 giugno<\/strong>, di venerd\u00ec cos\u00ec da risuonare per tutto il week end. Per la stessa data \u00e8 fissato anche il debutto ufficiale del video, con l&#8217;appuntamento alle 21:05 su RealTime.<\/p>\n<p style=\"text-align: justify;\">LEGGI QUI -&gt; <a href=\"http:\/\/www.angolotesti.it\/F\/testi_canzoni_francesco_renga_126\/testo_canzone_il_bene_2052606.html\" target=\"_blank\">testo<\/a> e <a href=\"https:\/\/www.musictory.it\/musica\/Francesco+Renga\/Il+Bene\" target=\"_blank\">video<\/a> de &#8220;Il bene&#8221;<\/p>\n<p style=\"text-align: justify;\"><strong>Il brano \u00e8 firmato da Renga per la parte testuale e da Emal Meta per la parte musicale, il video \u00e8 stato girato da Gaetano Morbioli tra Los Angeles e Las Vegas.<\/strong><\/p>\n<p style=\"text-align: justify;\">Da cosa deriva il titolo di questo singolo &#8220;<em>Il bene \u00e8 il nome di quell&#8217;amore inevitabile, il sentimento che non accetta un rifiuto, costringendoti a guardare il suo orizzonte. Una libert\u00e0 riconquistata solo dentro &#8216;quel perimetro&#8217;, perch\u00e9 \u00e8 quell\u2019amore che ti guida con le mani legate e ti costringe a rimanere nel luogo in cui decide di portarti. &#8216;Se l\u2019amore fosse una canzone,\u00a0 per trovarle un nome basteresti tu&#8217;<\/em>&#8220;.<\/p>\n<p style=\"text-align: justify;\">I prossimi appuntamenti per vedere <strong><a href=\"https:\/\/www.musictory.it\/musica\/Francesco+Renga\" target=\"_blank\">Francesco Renga<\/a><\/strong> dal vivo sono fissati per il 15 ottobre al Mediolanum Forum di Assago a Milano e il 22 ottobre al Palalottomatica di Roma.<\/p>\n","protected":false},"excerpt":{"rendered":"<p>Tratto\u00a0dall&#8217;album &#8220;Scriver\u00f2 il tuo nome&#8220;, che da diverse settimane resta fermo nella top 10 degli album pi\u00f9 venduti in Italia, &#8220;Il bene&#8221; \u00e8 il secondo singolo che Renga decide di estrarre.<\/p>\n","protected":false},"author":8,"featured_media":28960,"comment_status":"open","ping_status":"open","sticky":false,"template":"","format":"standard","meta":{"ngg_post_thumbnail":0,"footnotes":""},"categories":[16],"tags":[5636,15605,15568,15283,898,39],"class_list":["post-28959","post","type-post","status-publish","format-standard","has-post-thumbnail","hentry","category-uscite-discografiche","tag-francesco-renga","tag-il-bene","tag-realtime","tag-scrivero-il-tuo-nome","tag-testo","tag-video"],"aioseo_notices":[],"_links":{"self":[{"href":"https:\/\/www.musictory.it\/news\/wp-json\/wp\/v2\/posts\/28959","targetHints":{"allow":["GET"]}}],"collection":[{"href":"https:\/\/www.musictory.it\/news\/wp-json\/wp\/v2\/posts"}],"about":[{"href":"https:\/\/www.musictory.it\/news\/wp-json\/wp\/v2\/types\/post"}],"author":[{"embeddable":true,"href":"https:\/\/www.musictory.it\/news\/wp-json\/wp\/v2\/users\/8"}],"replies":[{"embeddable":true,"href":"https:\/\/www.musictory.it\/news\/wp-json\/wp\/v2\/comments?post=28959"}],"version-history":[{"count":1,"href":"https:\/\/www.musictory.it\/news\/wp-json\/wp\/v2\/posts\/28959\/revisions"}],"predecessor-version":[{"id":28961,"href":"https:\/\/www.musictory.it\/news\/wp-json\/wp\/v2\/posts\/28959\/revisions\/28961"}],"wp:featuredmedia":[{"embeddable":true,"href":"https:\/\/www.musictory.it\/news\/wp-json\/wp\/v2\/media\/28960"}],"wp:attachment":[{"href":"https:\/\/www.musictory.it\/news\/wp-json\/wp\/v2\/media?parent=28959"}],"wp:term":[{"taxonomy":"category","embeddable":true,"href":"https:\/\/www.musictory.it\/news\/wp-json\/wp\/v2\/categories?post=28959"},{"taxonomy":"post_tag","embeddable":true,"href":"https:\/\/www.musictory.it\/news\/wp-json\/wp\/v2\/tags?post=28959"}],"curies":[{"name":"wp","href":"https:\/\/api.w.org\/{rel}","templated":true}]}}