{"id":21038,"date":"2015-03-23T09:56:59","date_gmt":"2015-03-23T08:56:59","guid":{"rendered":"http:\/\/www.musictory.it\/news\/?p=21038"},"modified":"2015-06-12T10:26:14","modified_gmt":"2015-06-12T08:26:14","slug":"nek-concerti-ecco-tutte-le-date-del-prima-di-parlare-tour","status":"publish","type":"post","link":"https:\/\/www.musictory.it\/news\/nek-concerti-ecco-tutte-le-date-del-prima-di-parlare-tour-21038\/","title":{"rendered":"Nek, concerti: ecco tutte le date del &#8220;Prima Di Parlare Tour&#8221;"},"content":{"rendered":"<p style=\"text-align: center;\"><img loading=\"lazy\" decoding=\"async\" class=\" wp-image-21041 aligncenter\" src=\"https:\/\/www.musictory.it\/news\/wp-content\/uploads\/2015\/03\/nek_650x447-600x412.jpg\" alt=\"nek_650x447\" width=\"600\" height=\"400\" \/><\/p>\n<p style=\"text-align: justify;\">Dopo il grande successo ottenuto a Sanremo, dove \u00e8 arrivato secondo ma \u00e8 sicuramente stato <a href=\"https:\/\/www.musictory.it\/news\/sanremo-2015-dopo-un-mese-ecco-il-bilancio-delle-radio-nek-trionfa-su-tutti-21006\/\" target=\"_blank\">il vincitore nelle vendite e nei passaggi in radio<\/a>, <a title=\"Nek\" href=\"https:\/\/www.musictory.it\/musica\/Nek\" target=\"_blank\">Nek<\/a> partir\u00e0 ad ottobre per il\u00a0<em>Prima Di Parlare Tour<\/em>, la tourn\u00e9e che lo porter\u00e0 in giro per L&#8217;Italia in 26 citt\u00e0 da nord a sud.<\/p>\n<p style=\"text-align: justify;\"><!--more--><\/p>\n<p style=\"text-align: justify;\">I concerti di <a title=\"Nek\" href=\"https:\/\/www.musictory.it\/musica\/Nek\" target=\"_blank\">Nek<\/a>\u00a0partiranno il prossimo 13 ottobre e sono molto attesi in quanto il cantautore emiliano non si esibisce dal vivo da ben quattro anni, ovvero dall&#8217;ultimo tour. Le vendite dei biglietti si apriranno alle 17 del 24 marzo 2015.\u00a0Ecco tutte le date fin&#8217;ora annunciate del\u00a0<em>Prima Di Parlare Tour<\/em>:<\/p>\n<ul>\n<li>13 ottobre MANTOVA Gran Teatro Palabam<\/li>\n<li>14 ottobre MESTRE (VE) Teatro Corso<\/li>\n<li>16 ottobre BOLOGNA Teatro Manzoni<\/li>\n<li>17 ottobre SENIGALLIA (AN) Teatro La Fenice<\/li>\n<li>19 ottobre PESCARA Teatro Massimo<\/li>\n<li>20 ottobre NAPOLI Teatro Augusteo<\/li>\n<li>22 ottobre PALERMO Teatro Golden<\/li>\n<li>23 ottobre CATANIA Teatro Metropolitan<\/li>\n<li>25 ottobre REGGIO CALABRIA Teatro Cilea<\/li>\n<li>27 ottobre LECCE Politeama Greco<\/li>\n<li>28 ottobre BARI Teatro Team<\/li>\n<li>30 ottobre FIRENZE Obi Hall<\/li>\n<li>31 ottobre S. CROCE SULL\u2019ARNO (PI) Palaparenti a Teatro<\/li>\n<li>2 novembre UDINE Teatro G. da Udine<\/li>\n<li>4\u00a0novembre TORINO Teatro Colosseo<\/li>\n<li>5 novembre TORINO Teatro Colosseo<\/li>\n<li>7 novembre GENOVA Teatro Carlo Felice<\/li>\n<li>8 novembre SANREMO (IM) Teatro Ariston<\/li>\n<li>10 novembre BERGAMO Teatro Creberg<\/li>\n<li>11 novembre VARESE Teatro M. Apollonio<\/li>\n<li>13 novembre MONTICHIARI (BS) Pala George a Teatro<\/li>\n<li>14 novembre PADOVA Gran Teatro Geox<\/li>\n<li>16 novembre VERONA Teatro Filarmonico<\/li>\n<li>17 novembre NOVARA Teatro Coccia<\/li>\n<li>19 novembre MILANO Teatro degli Arcimboldi<\/li>\n<li>25 novembre ROMA Auditorium Parco Della Musica, Sala Santa Cecilia<\/li>\n<li>27 novembre CESENA Carisport a Teatro<\/li>\n<\/ul>\n","protected":false},"excerpt":{"rendered":"<p>Dopo il grande successo ottenuto a Sanremo, dove \u00e8 arrivato secondo ma \u00e8 sicuramente stato il vincitore nelle vendite e nei passaggi in radio, Nek partir\u00e0 ad ottobre per il\u00a0Prima Di Parlare Tour, la tourn\u00e9e che lo porter\u00e0 in giro per L&#8217;Italia in 26 citt\u00e0 da nord a sud.<\/p>\n","protected":false},"author":1,"featured_media":21041,"comment_status":"open","ping_status":"open","sticky":false,"template":"","format":"standard","meta":{"ngg_post_thumbnail":0,"footnotes":""},"categories":[6788],"tags":[3586,285,1199,989,12931,10533,63],"class_list":["post-21038","post","type-post","status-publish","format-standard","has-post-thumbnail","hentry","category-concerti-2","tag-biglietti","tag-concerti","tag-date","tag-nek","tag-prima-di-parlare-tour","tag-tappe","tag-tour"],"aioseo_notices":[],"_links":{"self":[{"href":"https:\/\/www.musictory.it\/news\/wp-json\/wp\/v2\/posts\/21038","targetHints":{"allow":["GET"]}}],"collection":[{"href":"https:\/\/www.musictory.it\/news\/wp-json\/wp\/v2\/posts"}],"about":[{"href":"https:\/\/www.musictory.it\/news\/wp-json\/wp\/v2\/types\/post"}],"author":[{"embeddable":true,"href":"https:\/\/www.musictory.it\/news\/wp-json\/wp\/v2\/users\/1"}],"replies":[{"embeddable":true,"href":"https:\/\/www.musictory.it\/news\/wp-json\/wp\/v2\/comments?post=21038"}],"version-history":[{"count":4,"href":"https:\/\/www.musictory.it\/news\/wp-json\/wp\/v2\/posts\/21038\/revisions"}],"predecessor-version":[{"id":22993,"href":"https:\/\/www.musictory.it\/news\/wp-json\/wp\/v2\/posts\/21038\/revisions\/22993"}],"wp:featuredmedia":[{"embeddable":true,"href":"https:\/\/www.musictory.it\/news\/wp-json\/wp\/v2\/media\/21041"}],"wp:attachment":[{"href":"https:\/\/www.musictory.it\/news\/wp-json\/wp\/v2\/media?parent=21038"}],"wp:term":[{"taxonomy":"category","embeddable":true,"href":"https:\/\/www.musictory.it\/news\/wp-json\/wp\/v2\/categories?post=21038"},{"taxonomy":"post_tag","embeddable":true,"href":"https:\/\/www.musictory.it\/news\/wp-json\/wp\/v2\/tags?post=21038"}],"curies":[{"name":"wp","href":"https:\/\/api.w.org\/{rel}","templated":true}]}}