{"id":16348,"date":"2014-07-14T09:35:43","date_gmt":"2014-07-14T07:35:43","guid":{"rendered":"http:\/\/www.musictory.it\/news\/?p=16348"},"modified":"2014-07-14T09:35:43","modified_gmt":"2014-07-14T07:35:43","slug":"gianluca-grignani-arrestato-per-aggressione-a-pubblico-ufficiale","status":"publish","type":"post","link":"https:\/\/www.musictory.it\/news\/gianluca-grignani-arrestato-per-aggressione-a-pubblico-ufficiale-16348\/","title":{"rendered":"Gianluca Grignani arrestato per aggressione a pubblico ufficiale"},"content":{"rendered":"<p style=\"text-align: center;\"><img loading=\"lazy\" decoding=\"async\" class=\"size-full wp-image-4361 aligncenter\" alt=\"grignani\" src=\"https:\/\/www.musictory.it\/news\/wp-content\/uploads\/2012\/07\/grignani-e1342651108555.jpg\" width=\"600\" height=\"400\" srcset=\"https:\/\/www.musictory.it\/news\/wp-content\/uploads\/2012\/07\/grignani-e1342651108555.jpg 600w, https:\/\/www.musictory.it\/news\/wp-content\/uploads\/2012\/07\/grignani-e1342651108555-300x200.jpg 300w\" sizes=\"auto, (max-width: 600px) 100vw, 600px\" \/><\/p>\n<p style=\"text-align: justify;\">Dall&#8217;alto dei suoi 42 anni <a title=\"Gianluca Grignani\" href=\"https:\/\/www.musictory.it\/musica\/Gianluca+Grignani\" target=\"_blank\">Gianluca Grignani<\/a> non \u00e8 pi\u00f9 un ragazzino, eppure combina ancora marachelle come se ne avesse 18. La scorsa notte il cantautore \u00e8 stato arrestato in riviera romagnola, dove si trovava in vacanza con \u00a0la moglie e i quattro figli.\u00a0<a title=\"Gianluca Grignani\" href=\"https:\/\/www.musictory.it\/musica\/Gianluca+Grignani\" target=\"_blank\">Grignani<\/a>\u00a0pare fosse sotto l&#8217;effetto dell&#8217;alcol quando sono intervenute le forze dell&#8217;ordine, chiamate da un parente del cantautore quando la situazione stava degenerando.<\/p>\n<p style=\"text-align: justify;\"><!--more--><\/p>\n<p style=\"text-align: justify;\">&#8220;Chiedo sentitamente scusa&#8221; ha detto <a title=\"Gianluca Grignani\" href=\"https:\/\/www.musictory.it\/musica\/Gianluca+Grignani\" target=\"_blank\">Gianluca Grignani<\/a>\u00a0una volta passata la sbronza attraverso una nota dell\u2019ufficio stampa.<\/p>\n<p style=\"text-align: justify;\">\u00a0Tutto \u00e8 cominciato nella casa di vacanza a Riccione \u00a0in tarda serata, quando dopo qualche drink di troppo, il cantautore milanese ha cominciato a perdere il controllo, tanto che suo cugino si \u00e8 visto costretto a chiamare i carabinieri. Da come si legge infatti sulla nota dell&#8217;ufficio stampa del cantante, \u00a0i militari dell&#8217;Arma &#8220;<span style=\"line-height: 1.5em;\">sono intervenuti su segnalazione del cugino di <a title=\"Gianluca Grignani\" href=\"https:\/\/www.musictory.it\/musica\/Gianluca+Grignani\" target=\"_blank\">Grignani<\/a>, il quale, in stato confusionale dovuto a una forte crisi di panico, ha reagito all\u2019intervento in modo sconclusionato&#8221;. <\/span><\/p>\n<p style=\"text-align: justify;\"><span style=\"line-height: 1.5em;\">All\u2019arrivo dei carabinieri, infatti, il cantante di &#8220;<a href=\"https:\/\/www.musictory.it\/musica\/Gianluca+Grignani\/Non+Voglio+Essere+Un+Fenomeno\">Non Voglio Essere Un Fenomeno<\/a>&#8221; non si \u00e8 calmato anzi \u00e8 sceso in strada e ha tentato di scappare entrando in un hotel vicino. Ancora fuori di s\u00e9, il cantante avrebbe scaraventato un carabiniere gi\u00f9 per le scale dell\u2019hotel e ha tirato calci ad un altro militare.\u00a0<\/span><\/p>\n<p style=\"text-align: justify;\">Con non poche difficolt\u00e0, i carabinieri sono riusciti poi a calmare <a title=\"Gianluca Grignani\" href=\"https:\/\/www.musictory.it\/musica\/Gianluca+Grignani\" target=\"_blank\">Grignani<\/a>\u00a0e ad accompagnarlo al pronto soccorso dell&#8217;ospedale Ceccarini<span style=\"line-height: 1.5em;\">, dove i medici l\u2019hanno sottoposto a flebo calmanti, poi quando \u00e8 stato dimesso \u00e8 stato portato in caserma dove intorno alle tre di notte \u00e8 stato formalmente arrestato.\u00a0<\/span><\/p>\n<p style=\"text-align: justify;\">Che dire, il nuovo album di <a title=\"Gianluca Grignani\" href=\"https:\/\/www.musictory.it\/musica\/Gianluca+Grignani\" target=\"_blank\">Gianluca Grignani<\/a>, in uscita il prossimo 9 settembre, si chiama &#8220;<a href=\"https:\/\/www.musictory.it\/musica\/Gianluca+Grignani\/Discografia\" target=\"_blank\">A Volte Esagero<\/a>&#8221; &#8230;ed \u00e8 proprio vero.<\/p>\n","protected":false},"excerpt":{"rendered":"<p>Dall&#8217;alto dei suoi 42 anni Gianluca Grignani non \u00e8 pi\u00f9 un ragazzino, eppure combina ancora marachelle come se ne avesse 18. La scorsa notte il cantautore \u00e8 stato arrestato in riviera romagnola, dove si trovava in vacanza con \u00a0la moglie e i quattro figli.\u00a0Grignani\u00a0pare fosse sotto l&#8217;effetto dell&#8217;alcol quando sono intervenute le forze dell&#8217;ordine, chiamate [&hellip;]<\/p>\n","protected":false},"author":1,"featured_media":0,"comment_status":"open","ping_status":"open","sticky":false,"template":"","format":"standard","meta":{"ngg_post_thumbnail":0,"footnotes":""},"categories":[26],"tags":[10857,9173,10255,10855,183,10782,10856,10258],"class_list":["post-16348","post","type-post","status-publish","format-standard","hentry","category-notizie","tag-a-volte-esagero","tag-aggressione","tag-arrestato","tag-carabinieri","tag-gianluca-grignani","tag-non-voglio-essere-un-fenomeno","tag-riccione","tag-ubriaco"],"aioseo_notices":[],"_links":{"self":[{"href":"https:\/\/www.musictory.it\/news\/wp-json\/wp\/v2\/posts\/16348","targetHints":{"allow":["GET"]}}],"collection":[{"href":"https:\/\/www.musictory.it\/news\/wp-json\/wp\/v2\/posts"}],"about":[{"href":"https:\/\/www.musictory.it\/news\/wp-json\/wp\/v2\/types\/post"}],"author":[{"embeddable":true,"href":"https:\/\/www.musictory.it\/news\/wp-json\/wp\/v2\/users\/1"}],"replies":[{"embeddable":true,"href":"https:\/\/www.musictory.it\/news\/wp-json\/wp\/v2\/comments?post=16348"}],"version-history":[{"count":3,"href":"https:\/\/www.musictory.it\/news\/wp-json\/wp\/v2\/posts\/16348\/revisions"}],"predecessor-version":[{"id":16351,"href":"https:\/\/www.musictory.it\/news\/wp-json\/wp\/v2\/posts\/16348\/revisions\/16351"}],"wp:attachment":[{"href":"https:\/\/www.musictory.it\/news\/wp-json\/wp\/v2\/media?parent=16348"}],"wp:term":[{"taxonomy":"category","embeddable":true,"href":"https:\/\/www.musictory.it\/news\/wp-json\/wp\/v2\/categories?post=16348"},{"taxonomy":"post_tag","embeddable":true,"href":"https:\/\/www.musictory.it\/news\/wp-json\/wp\/v2\/tags?post=16348"}],"curies":[{"name":"wp","href":"https:\/\/api.w.org\/{rel}","templated":true}]}}