{"id":15872,"date":"2014-05-29T09:39:29","date_gmt":"2014-05-29T07:39:29","guid":{"rendered":"http:\/\/www.musictory.it\/news\/?p=15872"},"modified":"2014-05-29T09:39:29","modified_gmt":"2014-05-29T07:39:29","slug":"morgan-nei-guai-per-oltraggio-a-pubblico-ufficiale","status":"publish","type":"post","link":"https:\/\/www.musictory.it\/news\/morgan-nei-guai-per-oltraggio-a-pubblico-ufficiale-15872\/","title":{"rendered":"Morgan nei guai per oltraggio a pubblico ufficiale"},"content":{"rendered":"<section>\n<article>\n<div>\n<p style=\"text-align: center;\"><img loading=\"lazy\" decoding=\"async\" class=\" wp-image-7500 aligncenter\" alt=\"morgan\" src=\"https:\/\/www.musictory.it\/news\/wp-content\/uploads\/2013\/01\/morgan-e1357552578399.jpg\" width=\"600\" height=\"400\" srcset=\"https:\/\/www.musictory.it\/news\/wp-content\/uploads\/2013\/01\/morgan-e1357552578399.jpg 599w, https:\/\/www.musictory.it\/news\/wp-content\/uploads\/2013\/01\/morgan-e1357552578399-300x199.jpg 300w\" sizes=\"auto, (max-width: 600px) 100vw, 600px\" \/><\/p>\n<p style=\"text-align: justify;\"><a title=\"Morgan\" href=\"https:\/\/www.musictory.it\/musica\/Morgan\" target=\"_blank\">Morgan<\/a> \u00e8 stato recentemente riconfermato <a href=\"https:\/\/www.musictory.it\/news\/x-factor-ecco-chi-sono-i-4-giudici-della-nuova-edizione-15784\/\" target=\"_blank\">come giudice di X Factor<\/a> dunque la sua carriera professionale va a gonfie vele, ma nella vita privata il cantante non si decide a mettere la testa a posto. L&#8217;ex cantante dei <a title=\"Bluvertigo\" href=\"https:\/\/www.musictory.it\/musica\/Bluvertigo\" target=\"_blank\">Bluvertigo<\/a>, infatti, \u00e8 di nuovo nei guai con la legge, essendo stato accusato di oltraggio a pubblico ufficiale.<\/p>\n<p style=\"text-align: justify;\"><!--more--><\/p>\n<p style=\"text-align: justify;\">A dare la notizia \u00e8 stato Il Giorno, specificando che <a title=\"Morgan\" href=\"https:\/\/www.musictory.it\/musica\/Morgan\" target=\"_blank\">Morgan<\/a>\u00a0dovr\u00e0 presentarsi al Tribunale di Monza il prossimo 25 novembre perch\u00e9 accusato di aver insultato i due poliziotti che nel novembre del 2011 arrestarono Luis Fernando Magliano, il 30enne uruguaiano trovato in possesso di tre grammi di cocaina all&#8217;ingresso del palazzo dove <a title=\"Morgan\" href=\"https:\/\/www.musictory.it\/musica\/Morgan\" target=\"_blank\">Morgan<\/a>\u00a0risiede.<\/p>\n<p style=\"text-align: justify;\"><a href=\"https:\/\/www.musictory.it\/news\/morgan-nei-guai-rinviato-a-giudizio-per-spaccio-8710\/\" target=\"_blank\">Come ricorderete, al momento dell&#8217;arresto il sudamericano dichiar\u00f2 di avere un appuntamento con Morgan\u00a0per saldare un debito di lavoro<\/a>, versione che forn\u00ec lo stesso cantante ma che non risult\u00f2 convincente agli inquirenti. Il magistrato in carica, infatti, rinvi\u00f2 a giudizio l&#8217;artista per il reato di favoreggiamento.<\/p>\n<\/div>\n<\/article>\n<\/section>\n","protected":false},"excerpt":{"rendered":"<p>Morgan \u00e8 stato recentemente riconfermato come giudice di X Factor dunque la sua carriera professionale va a gonfie vele, ma nella vita privata il cantante non si decide a mettere la testa a posto. L&#8217;ex cantante dei Bluvertigo, infatti, \u00e8 di nuovo nei guai con la legge, essendo stato accusato di oltraggio a pubblico ufficiale.<\/p>\n","protected":false},"author":1,"featured_media":0,"comment_status":"open","ping_status":"open","sticky":false,"template":"","format":"standard","meta":{"ngg_post_thumbnail":0,"footnotes":""},"categories":[26],"tags":[9970,852,261,10601,348,10600],"class_list":["post-15872","post","type-post","status-publish","format-standard","hentry","category-notizie","tag-arresto","tag-bluvertigo","tag-droga","tag-luis-fernando-magliano","tag-morgan","tag-oltraggio"],"aioseo_notices":[],"_links":{"self":[{"href":"https:\/\/www.musictory.it\/news\/wp-json\/wp\/v2\/posts\/15872","targetHints":{"allow":["GET"]}}],"collection":[{"href":"https:\/\/www.musictory.it\/news\/wp-json\/wp\/v2\/posts"}],"about":[{"href":"https:\/\/www.musictory.it\/news\/wp-json\/wp\/v2\/types\/post"}],"author":[{"embeddable":true,"href":"https:\/\/www.musictory.it\/news\/wp-json\/wp\/v2\/users\/1"}],"replies":[{"embeddable":true,"href":"https:\/\/www.musictory.it\/news\/wp-json\/wp\/v2\/comments?post=15872"}],"version-history":[{"count":3,"href":"https:\/\/www.musictory.it\/news\/wp-json\/wp\/v2\/posts\/15872\/revisions"}],"predecessor-version":[{"id":15875,"href":"https:\/\/www.musictory.it\/news\/wp-json\/wp\/v2\/posts\/15872\/revisions\/15875"}],"wp:attachment":[{"href":"https:\/\/www.musictory.it\/news\/wp-json\/wp\/v2\/media?parent=15872"}],"wp:term":[{"taxonomy":"category","embeddable":true,"href":"https:\/\/www.musictory.it\/news\/wp-json\/wp\/v2\/categories?post=15872"},{"taxonomy":"post_tag","embeddable":true,"href":"https:\/\/www.musictory.it\/news\/wp-json\/wp\/v2\/tags?post=15872"}],"curies":[{"name":"wp","href":"https:\/\/api.w.org\/{rel}","templated":true}]}}