{"id":15596,"date":"2014-05-16T09:24:06","date_gmt":"2014-05-16T07:24:06","guid":{"rendered":"http:\/\/www.musictory.it\/news\/?p=15596"},"modified":"2014-05-16T09:24:06","modified_gmt":"2014-05-16T07:24:06","slug":"ligabue-tre-brani-strumentali-per-il-nuovo-palazzo-dei-musei-di-reggio-emilia","status":"publish","type":"post","link":"https:\/\/www.musictory.it\/news\/ligabue-tre-brani-strumentali-per-il-nuovo-palazzo-dei-musei-di-reggio-emilia-15596\/","title":{"rendered":"Ligabue, tre brani strumentali per il nuovo Palazzo dei Musei di Reggio Emilia"},"content":{"rendered":"<p style=\"text-align: center;\"><img loading=\"lazy\" decoding=\"async\" class=\" wp-image-163 aligncenter\" alt=\"luciano-ligabue\" src=\"https:\/\/www.musictory.it\/news\/wp-content\/uploads\/2012\/03\/luciano-ligabue.jpg\" width=\"600\" height=\"400\" \/><\/p>\n<p style=\"text-align: justify;\"><a title=\"Ligabue\" href=\"https:\/\/www.musictory.it\/musica\/Ligabue\" target=\"_blank\">Luciano Ligabue<\/a>\u00a0ha composto tre brani strumentali come &#8220;colonna sonora&#8221; del nuovo Palazzo dei Musei di Reggio Emilia: il rocker di Correggio ha cos\u00ec realizzato &#8220;Edison&#8221;, &#8220;Di Passaggio&#8221; e &#8220;Sotto Il Cielo Di Reggio&#8221; che accompagneranno i visitatori nelle sale del museo progettato da Italo Rota.<\/p>\n<p style=\"text-align: justify;\"><!--more--><\/p>\n<p style=\"text-align: justify;\"><a title=\"Ligabue\" href=\"https:\/\/www.musictory.it\/musica\/Ligabue\" target=\"_blank\">Ligabue<\/a>\u00a0ha scritto proprio ieri un messaggio sulla sua pagina Facebook per avvertire i fan di questa meravigliosa iniziativa: &#8220;Mi \u00e8 stato chiesto se avessi potuto realizzare una &#8220;colonna sonora&#8221; per il Palazzo dei Musei della mia citt\u00e0.\u00a0Musica che dovrebbe accompagnare i visitatori ma che sarebbe anche, all&#8217;interno di una sala, un&#8217;opera a s\u00e9.&#8221;<\/p>\n<p style=\"text-align: justify;\">Il cantante, che ha recentemente pubblicato il nuovo singolo &#8220;<a href=\"https:\/\/www.musictory.it\/musica\/Ligabue\/Il+Muro+Del+Suono\">Il Muro Del Suono<\/a>&#8220;, ha inoltre spiegato che dato l&#8217;entusiasmo \u00e8 bastato poco tempo per scrivere i pezzi: &#8220;L&#8217;idea mi \u00e8 piaciuta\u00a0subito e cos\u00ec ho scritto e suonato tre brani strumentali: &#8220;Edison&#8221;, &#8220;Di Passaggio&#8221; e &#8220;Sotto Il Cielo Di Reggio&#8221;.\u00a0\u00c8 un omaggio che spero sar\u00e0 gradito e soprattutto che possa rendere ancora pi\u00f9 intensa l&#8217;esperienza della visita al museo per chi la far\u00e0.&#8221;<\/p>\n<p style=\"text-align: justify;\">I tre pezzi verranno presentati all&#8217;intero del Palazzo in occasione della Notte dei Musei il prossimo 17 maggio. In seguito, verranno trasformati in una vera e propria installazione acustica, integrata con gli spazi del museo e gli oggetti in mostra.<\/p>\n","protected":false},"excerpt":{"rendered":"<p>Luciano Ligabue\u00a0ha composto tre brani strumentali come &#8220;colonna sonora&#8221; del nuovo Palazzo dei Musei di Reggio Emilia: il rocker di Correggio ha cos\u00ec realizzato &#8220;Edison&#8221;, &#8220;Di Passaggio&#8221; e &#8220;Sotto Il Cielo Di Reggio&#8221; che accompagneranno i visitatori nelle sale del museo progettato da Italo Rota.<\/p>\n","protected":false},"author":1,"featured_media":0,"comment_status":"open","ping_status":"open","sticky":false,"template":"","format":"standard","meta":{"ngg_post_thumbnail":0,"footnotes":""},"categories":[26],"tags":[10494,10493,7888,10496,57,10497,10492,8318,10495],"class_list":["post-15596","post","type-post","status-publish","format-standard","hentry","category-notizie","tag-di-passaggio","tag-edison","tag-il-muro-del-suono","tag-italo-rota","tag-ligabue","tag-notte-dei-musei","tag-palazzo-dei-musei","tag-reggio-emilia","tag-sotto-il-cielo-di-reggio"],"aioseo_notices":[],"_links":{"self":[{"href":"https:\/\/www.musictory.it\/news\/wp-json\/wp\/v2\/posts\/15596","targetHints":{"allow":["GET"]}}],"collection":[{"href":"https:\/\/www.musictory.it\/news\/wp-json\/wp\/v2\/posts"}],"about":[{"href":"https:\/\/www.musictory.it\/news\/wp-json\/wp\/v2\/types\/post"}],"author":[{"embeddable":true,"href":"https:\/\/www.musictory.it\/news\/wp-json\/wp\/v2\/users\/1"}],"replies":[{"embeddable":true,"href":"https:\/\/www.musictory.it\/news\/wp-json\/wp\/v2\/comments?post=15596"}],"version-history":[{"count":3,"href":"https:\/\/www.musictory.it\/news\/wp-json\/wp\/v2\/posts\/15596\/revisions"}],"predecessor-version":[{"id":15599,"href":"https:\/\/www.musictory.it\/news\/wp-json\/wp\/v2\/posts\/15596\/revisions\/15599"}],"wp:attachment":[{"href":"https:\/\/www.musictory.it\/news\/wp-json\/wp\/v2\/media?parent=15596"}],"wp:term":[{"taxonomy":"category","embeddable":true,"href":"https:\/\/www.musictory.it\/news\/wp-json\/wp\/v2\/categories?post=15596"},{"taxonomy":"post_tag","embeddable":true,"href":"https:\/\/www.musictory.it\/news\/wp-json\/wp\/v2\/tags?post=15596"}],"curies":[{"name":"wp","href":"https:\/\/api.w.org\/{rel}","templated":true}]}}