{"id":1141,"date":"2012-03-31T22:45:04","date_gmt":"2012-03-31T20:45:04","guid":{"rendered":"http:\/\/www.musictory.it\/news\/?p=1141"},"modified":"2012-03-31T22:59:36","modified_gmt":"2012-03-31T20:59:36","slug":"amici-via-al-serale-con-la-gara-dei-big","status":"publish","type":"post","link":"https:\/\/www.musictory.it\/news\/amici-via-al-serale-con-la-gara-dei-big-1141\/","title":{"rendered":"Amici, via al serale con la gara dei big"},"content":{"rendered":"<p style=\"text-align: center;\"><a href=\"https:\/\/www.musictory.it\/news\/amici-via-al-serale-con-la-gara-dei-big-1141\/amici-3\/\" rel=\"attachment wp-att-1142\"><img loading=\"lazy\" decoding=\"async\" class=\"wp-image-1142 alignnone\" title=\"amici\" src=\"https:\/\/www.musictory.it\/news\/wp-content\/uploads\/2012\/03\/amici--300x212.jpg\" alt=\"\" width=\"500\" height=\"300\" \/><\/a><\/p>\n<p>&nbsp;<\/p>\n<p style=\"text-align: justify;\">Grandi applausi, il benvenuto all\u2019<strong>undicesima edizione<\/strong> annunciato da un\u2019elegante <strong>Maria De Filippi<\/strong> vestita in bianco e nero, e il balletto dei professionisti accompagnati da <strong>Bel\u00e9n Rodriguez<\/strong>: \u00e8 iniziata cos\u00ec la prima serata del serale di <strong>Amici<\/strong>, del 31 marzo 2012.<\/p>\n<p style=\"text-align: justify;\"><!--more--><\/p>\n<p style=\"text-align: justify;\">Tanti i <strong>cambiamenti<\/strong>: in primis, la presenza (per la prima volta nella storia di Amici) di una giuria esterna, quella rappresentata da <strong>Riccardo Scamarcio, Christian De Sica <\/strong>e<strong> Federica Pellegrini<\/strong>, in aggiunta all\u2019orchestra di <strong>Beppe Vessicchio<\/strong>. L\u2019altra novit\u00e0 di quest\u2019anno era gi\u00e0 ben conosciuta dai fan di Amici: la gara dei nove \u201c<strong>big<\/strong>\u201d: <a title=\"Alessandra Amoroso\" href=\"https:\/\/www.musictory.it\/musica\/Alessandra+Amoroso\">Alessandra Amoroso<\/a>, <a title=\"Marco Carta\" href=\"https:\/\/www.musictory.it\/musica\/Marco+Carta\">Marco Carta<\/a>, <a title=\"Valerio Scanu\" href=\"https:\/\/www.musictory.it\/musica\/Valerio+Scanu\">Valerio Scanu<\/a>, <a title=\"Emma Marrone\" href=\"https:\/\/www.musictory.it\/musica\/Emma+Marrone\">Emma Marrone<\/a>, <a title=\"Karima\" href=\"https:\/\/www.musictory.it\/musica\/Karima\">Karima Ammar<\/a>, <a title=\"Antonino Spadaccino\" href=\"https:\/\/www.musictory.it\/musica\/Antonino+Spadaccino\">Antonino Spadaccino<\/a>, <a title=\"Virginio Simonelli\" href=\"https:\/\/www.musictory.it\/musica\/Virginio+Simonelli\">Virginio Simonelli<\/a>, <a title=\"Annalisa Scarrone\" href=\"https:\/\/www.musictory.it\/musica\/Annalisa+Scarrone\">Annalisa Scarrone<\/a>, <a title=\"Pierdavide Carone\" href=\"https:\/\/www.musictory.it\/musica\/Pierdavide+Carone\">Pierdavide Carone<\/a>.<\/p>\n<p style=\"text-align: justify;\">Inizia <strong>Marco<\/strong>, il ventiseienne sardo, che canta \u201c<em>Io che amo solo te<\/em>\u201d, evidentemente emozionato e accompagnato da un famoso percussionista statunitense. Uno sguardo alla giuria tecnica, composta da giornalisti ed esperti radiofonici, poi arriva il giudizio di De Sica dalla giuria esterna: \u201c\u00e8 bravissimo, che devo d\u00ec!\u201d<\/p>\n<p style=\"text-align: justify;\">Il secondo ad esibirsi \u00e8 <strong>Virginio<\/strong>, canta \u201c<em>Viva la vida<\/em>\u201d dei Coldplay e quindi il livello di difficolt\u00e0 si impenna. Solo applausi per il giovane cantautore di Fondi, nonostante diverse imperfezioni, ma una parola positiva arriva anche per lui: \u201cmolto bravo, inglese perfetto\u201d, dice Scamarcio.<\/p>\n<p style=\"text-align: justify;\"><strong>Pierdavide<\/strong> decide di omaggiare Domenico Modugno con la sua cover: \u201c<em>Vecchio Frack<\/em>\u201d \u00e8 il brano che sceglie di interpretare, accompagnandosi con la sua chitarra e con gli applausi a tempo del pubblico dello studio.<\/p>\n<p style=\"text-align: justify;\">La quarta esibizione \u00e8 di <strong>Emma<\/strong>: canta \u201c<em>Lei<\/em>\u201d,\u00a0 assieme al grande cantautore <a title=\"Charles Aznavour\" href=\"https:\/\/www.musictory.it\/musica\/Charles+Aznavour\">Charles Aznavour<\/a>, e parte la standing ovation.<\/p>\n<p style=\"text-align: justify;\">Ad intervallare la gara dei Big, arriva <strong>Luciana Littizzetto<\/strong>, saluta il pubblico e dice \u201cEcco, sono venuta per far vedere che non \u00e8 vero che avevamo litigato\u201d, riferendosi alla vecchia discussione con la De Filippi circa la validit\u00e0 dei programmi che quest\u2019ultima conduce. (Per maggiori informazioni, c\u2019\u00e8 un articolo a riguardo qui: <a href=\"https:\/\/www.musictory.it\/news\/guerra-de-filippi-littizzetto-torna-la-pace-la-comica-ospite-ad-amici-1029\/\">http:\/\/www.musictory.it\/news\/guerra-de-filippi-littizzetto-torna-la-pace-la-comica-ospite-ad-amici-1029\/<\/a>)<\/p>\n<p style=\"text-align: justify;\">E\u2019 l\u2019ora di <strong>Annalisa<\/strong>: \u201c<em>It\u2019s oh so quiet<\/em>\u201d, una canzone difficilissima e straordinariamente eseguita dalla rossa di Savona, come anche affermano Scamarcio e Pellegrini.<\/p>\n<p style=\"text-align: justify;\"><strong>Karima<\/strong> stupisce tutti con un medley di <a title=\"Whitney Houston\" href=\"https:\/\/www.musictory.it\/musica\/Whitney+Houston\">Whitney Houston<\/a>. Maria De Filippi non riesce a trattenersi dal dirlo: \u201csei diventata bellissima, Karima!\u201d<\/p>\n<p style=\"text-align: justify;\">Arriva <strong>Antonino<\/strong>, canta \u201c<em>Imagine<\/em>\u201d e il tempo sembra fermarsi. Il suo timbro caldo, graffiante e avvolgente, sembra calzare a pennello su questo bellissimo brano di <a title=\"John Lennon\" href=\"https:\/\/www.musictory.it\/musica\/John+Lennon\">John Lennon<\/a>.<\/p>\n<p style=\"text-align: justify;\"><strong>Valerio<\/strong> si cimenta nel dialetto napoletano: \u201c<em>Dicitencello vuje<\/em>\u201d \u00e8 il pezzo da lui scelto, e se la cava discretamente. \u201cSono contento perch\u00e9 non pensavo ci potesse essere un\u2019altra occasione come quella vissuta anni fa\u201d conclude la sua esibizione.<\/p>\n<p style=\"text-align: justify;\">L\u2019ultimo big in gara \u00e8 <strong>Alessandra<\/strong>, che entra gi\u00e0 piangendo, emozionatissima. Si esibisce in un medley di <a title=\"Aretha Franklin\" href=\"https:\/\/www.musictory.it\/musica\/Aretha+Franklin\" target=\"_blank\">Aretha Franklin<\/a>, e dimostra di essere vocalmente cresciuta molto negli ultimi anni.<\/p>\n<p>&nbsp;<\/p>\n","protected":false},"excerpt":{"rendered":"<p>&nbsp; Grandi applausi, il benvenuto all\u2019undicesima edizione annunciato da un\u2019elegante Maria De Filippi vestita in bianco e nero, e il balletto dei professionisti accompagnati da Bel\u00e9n Rodriguez: \u00e8 iniziata cos\u00ec la prima serata del serale di Amici, del 31 marzo 2012.<\/p>\n","protected":false},"author":1,"featured_media":1142,"comment_status":"open","ping_status":"open","sticky":false,"template":"","format":"standard","meta":{"ngg_post_thumbnail":0,"footnotes":""},"categories":[8,291],"tags":[10,365,109,11,9,13,366,94,12,367,368,14,15],"class_list":["post-1141","post","type-post","status-publish","format-standard","has-post-thumbnail","hentry","category-amici","category-programmi-televisivi","tag-alessandra-amoroso","tag-amici-di-maria-de-filippi","tag-annalisa-scarrone","tag-antonino-spadaccino","tag-emma-marrone","tag-karima","tag-karima-ammar","tag-marco-carta","tag-pierdavide-carone","tag-prima-serata-amici","tag-serale-amici","tag-valerio-scanu","tag-virginio-simonelli"],"aioseo_notices":[],"_links":{"self":[{"href":"https:\/\/www.musictory.it\/news\/wp-json\/wp\/v2\/posts\/1141","targetHints":{"allow":["GET"]}}],"collection":[{"href":"https:\/\/www.musictory.it\/news\/wp-json\/wp\/v2\/posts"}],"about":[{"href":"https:\/\/www.musictory.it\/news\/wp-json\/wp\/v2\/types\/post"}],"author":[{"embeddable":true,"href":"https:\/\/www.musictory.it\/news\/wp-json\/wp\/v2\/users\/1"}],"replies":[{"embeddable":true,"href":"https:\/\/www.musictory.it\/news\/wp-json\/wp\/v2\/comments?post=1141"}],"version-history":[{"count":16,"href":"https:\/\/www.musictory.it\/news\/wp-json\/wp\/v2\/posts\/1141\/revisions"}],"predecessor-version":[{"id":1162,"href":"https:\/\/www.musictory.it\/news\/wp-json\/wp\/v2\/posts\/1141\/revisions\/1162"}],"wp:featuredmedia":[{"embeddable":true,"href":"https:\/\/www.musictory.it\/news\/wp-json\/wp\/v2\/media\/1142"}],"wp:attachment":[{"href":"https:\/\/www.musictory.it\/news\/wp-json\/wp\/v2\/media?parent=1141"}],"wp:term":[{"taxonomy":"category","embeddable":true,"href":"https:\/\/www.musictory.it\/news\/wp-json\/wp\/v2\/categories?post=1141"},{"taxonomy":"post_tag","embeddable":true,"href":"https:\/\/www.musictory.it\/news\/wp-json\/wp\/v2\/tags?post=1141"}],"curies":[{"name":"wp","href":"https:\/\/api.w.org\/{rel}","templated":true}]}}